{"id":1590,"date":"2024-09-23T09:19:37","date_gmt":"2024-09-23T07:19:37","guid":{"rendered":"https:\/\/parafiazalesie.org\/?p=1590"},"modified":"2024-09-23T09:19:37","modified_gmt":"2024-09-23T07:19:37","slug":"ogloszenia-xxv-niedziela-zwykla-22-09-2024-r","status":"publish","type":"post","link":"https:\/\/parafiazalesie.org\/index.php\/2024\/09\/23\/ogloszenia-xxv-niedziela-zwykla-22-09-2024-r\/","title":{"rendered":"OG\u0141OSZENIA XXV Niedziela Zwyk\u0142a 22.09.2024 r."},"content":{"rendered":"<ol>\n<li>W minionym tygodniu, naszych rodak\u00f3w dotkn\u0119\u0142a tragedia powodzi. Zbiera ona nadal straszne \u017cniwo w kolejnych cz\u0119\u015bciach kraju. Wielu ludzi ju\u017c potrzebuje pomocy, wielu niestety jeszcze do nich do\u0142\u0105czy &#8211; dzisiaj po Mszach \u015bw. mo\u017cna z\u0142o\u017cy\u0107 ofiar\u0119 do puszek na pomoc dla poszkodowanych. Sk\u0142adamy wszystkim serdeczne B\u00f3g zap\u0142a\u0107 za otwarto\u015b\u0107 serc.<\/li>\n<li><strong>W poniedzia\u0142ek<\/strong> 23 wrze\u015bnia:\n<ul>\n<li>wspomnienie \u015bw. Ojca Pio z Pietrelciny, prezbitera.<\/li>\n<\/ul>\n<\/li>\n<li><strong>W \u015brod\u0119<\/strong> 25 wrze\u015bnia:\n<ul>\n<li>po Mszy \u015bw. Nowenna do Matki Bo\u017cej Nieustaj\u0105cej Pomocy, Pani Zaleskiej,<\/li>\n<li>po Nowennie adoracja Naj\u015bwi\u0119tszego Sakramentu do godz. 20:00.<\/li>\n<\/ul>\n<\/li>\n<li><strong>W pi\u0105tek<\/strong> 27 wrze\u015bnia:\n<ul>\n<li>wspomnienie \u015bw. Wincentego a Paulo, prezbitera,<\/li>\n<li>od godz. 17:00 do 18:00 adoracja Naj\u015bwi\u0119tszego Sakramentu.<\/li>\n<\/ul>\n<\/li>\n<li><strong>W sobot\u0119<\/strong> 28 wrze\u015bnia:\n<ul>\n<li>wspomnienie \u015bw. Wac\u0142awa, m\u0119czennika.<\/li>\n<\/ul>\n<\/li>\n<li>&nbsp;<strong>W niedziel\u0119 <\/strong>29 wrze\u015bnia:\n<ul>\n<li>R\u00f3\u017caniec poprowadzi R\u00f3\u017ca \u015bw. Faustyny.<\/li>\n<\/ul>\n<\/li>\n<li>Zach\u0119camy do formacji w duchu chrze\u015bcija\u0144skim poprzez czytanie Pisma \u015awi\u0119tego i nowej prasy katolickiej.<\/li>\n<\/ol>\n<p>SPOTKANIA:<\/p>\n<ul>\n<li>Schola \u2013 wtorek 16:00<\/li>\n<li>Ch\u00f3r \u201eCredo\u201d \u2013 wtorek 18:00<\/li>\n<li>Medytacja S\u0142owa Bo\u017cego w duchu Lectio divina \u2013 wtorek po Mszy \u015bw. (w ko\u015bciele)<\/li>\n<li>Kandydaci do bierzmowania \u2013 \u015broda (pierwsza grupa), czwartek (druga grupa) po Mszy \u015bw.&nbsp;(udzia\u0142 we Mszy \u015bw. obowi\u0105zkowy)<\/li>\n<li>LSO \u2013 \u015broda po Mszy \u015bw. (sportowo &#8211; rekreacyjne spotkanie)<\/li>\n<li>Kandydaci na ministrant\u00f3w \u2013 czwartek 17:00<\/li>\n<li>Ruch \u015awiat\u0142o &#8211; \u017bycie \u2013 pi\u0105tek po Mszy \u015bw.<\/li>\n<\/ul>\n","protected":false},"excerpt":{"rendered":"<p>W minionym tygodniu, naszych rodak\u00f3w dotkn\u0119\u0142a tragedia powodzi. Zbiera ona nadal straszne \u017cniwo w kolejnych cz\u0119\u015bciach kraju. Wielu ludzi ju\u017c potrzebuje pomocy, wielu niestety jeszcze do nich do\u0142\u0105czy &#8211; dzisiaj po Mszach \u015bw. mo\u017cna z\u0142o\u017cy\u0107 ofiar\u0119 do puszek na pomoc dla poszkodowanych. Sk\u0142adamy wszystkim serdeczne B\u00f3g zap\u0142a\u0107 za otwarto\u015b\u0107 serc. W poniedzia\u0142ek 23 wrze\u015bnia: wspomnienie <a class=\"read-more\" href=\"https:\/\/parafiazalesie.org\/index.php\/2024\/09\/23\/ogloszenia-xxv-niedziela-zwykla-22-09-2024-r\/\"><\/p>\n<p>Zobacz wi\u0119cej<\/a><\/p>\n","protected":false},"author":1,"featured_media":1591,"comment_status":"closed","ping_status":"closed","sticky":false,"template":"","format":"standard","meta":{"ngg_post_thumbnail":0,"footnotes":""},"categories":[3],"tags":[],"class_list":["post-1590","post","type-post","status-publish","format-standard","has-post-thumbnail","hentry","category-ogloszenia"],"_links":{"self":[{"href":"https:\/\/parafiazalesie.org\/index.php\/wp-json\/wp\/v2\/posts\/1590","targetHints":{"allow":["GET"]}}],"collection":[{"href":"https:\/\/parafiazalesie.org\/index.php\/wp-json\/wp\/v2\/posts"}],"about":[{"href":"https:\/\/parafiazalesie.org\/index.php\/wp-json\/wp\/v2\/types\/post"}],"author":[{"embeddable":true,"href":"https:\/\/parafiazalesie.org\/index.php\/wp-json\/wp\/v2\/users\/1"}],"replies":[{"embeddable":true,"href":"https:\/\/parafiazalesie.org\/index.php\/wp-json\/wp\/v2\/comments?post=1590"}],"version-history":[{"count":1,"href":"https:\/\/parafiazalesie.org\/index.php\/wp-json\/wp\/v2\/posts\/1590\/revisions"}],"predecessor-version":[{"id":1592,"href":"https:\/\/parafiazalesie.org\/index.php\/wp-json\/wp\/v2\/posts\/1590\/revisions\/1592"}],"wp:featuredmedia":[{"embeddable":true,"href":"https:\/\/parafiazalesie.org\/index.php\/wp-json\/wp\/v2\/media\/1591"}],"wp:attachment":[{"href":"https:\/\/parafiazalesie.org\/index.php\/wp-json\/wp\/v2\/media?parent=1590"}],"wp:term":[{"taxonomy":"category","embeddable":true,"href":"https:\/\/parafiazalesie.org\/index.php\/wp-json\/wp\/v2\/categories?post=1590"},{"taxonomy":"post_tag","embeddable":true,"href":"https:\/\/parafiazalesie.org\/index.php\/wp-json\/wp\/v2\/tags?post=1590"}],"curies":[{"name":"wp","href":"https:\/\/api.w.org\/{rel}","templated":true}]}}