{"id":1583,"date":"2024-09-12T09:30:42","date_gmt":"2024-09-12T07:30:42","guid":{"rendered":"https:\/\/parafiazalesie.org\/?p=1583"},"modified":"2024-09-12T09:30:42","modified_gmt":"2024-09-12T07:30:42","slug":"ogloszenia-xxiv-niedziela-zwykla-15-09-2023-r","status":"publish","type":"post","link":"https:\/\/parafiazalesie.org\/index.php\/2024\/09\/12\/ogloszenia-xxiv-niedziela-zwykla-15-09-2023-r\/","title":{"rendered":"OG\u0141OSZENIA  XXIV Niedziela Zwyk\u0142a 15.09.2023 r."},"content":{"rendered":"<ol>\n<li><strong>Dzi\u015b <\/strong>po Mszach \u015bw. zbi\u00f3rka do puszek na potrzeby Katolickiego Radia VIA.<\/li>\n<li><strong>W poniedzia\u0142ek<\/strong> 16 wrze\u015bnia:\n<ul>\n<li>wspomnienie \u015bw. m\u0119czennik\u00f3w Korneliusza, papie\u017ca i Cypriana, biskupa.<\/li>\n<\/ul>\n<\/li>\n<li><strong>We wtorek <\/strong>17 wrze\u015bnia:\n<ul>\n<li>wypada 85 rocznica najazdu Zwi\u0105zku Radzieckiego na Polsk\u0119.<\/li>\n<\/ul>\n<\/li>\n<li><strong>W \u015brod\u0119 <\/strong>18 wrze\u015bnia:\n<ul>\n<li>\u015bwi\u0119to \u015bw. Stanis\u0142awa Kostki, zakonnika, patrona Polski,<\/li>\n<li>na Msz\u0119 \u015bw. wieczorn\u0105 zapraszamy wszystkich kandydat\u00f3w do bierzmowania wraz z deklaracj\u0105 i wymaganymi dokumentami,<\/li>\n<li>po Mszy \u015bw. Nowenna do Matki Bo\u017cej Nieustaj\u0105cej Pomocy, Pani Zaleskiej,<\/li>\n<li>po Nowennie adoracja Naj\u015bwi\u0119tszego Sakramentu do godz. 20:00.<\/li>\n<\/ul>\n<\/li>\n<li><strong>W pi\u0105tek <\/strong>20 wrze\u015bnia:\n<ul>\n<li>wspomnienie \u015bw. m\u0119czennik\u00f3w Andrzeja Kim Taegon, kap\u0142ana, Paw\u0142a Chong Hasang i Towarzyszy.<\/li>\n<li>od godz. 17:00 do 18:00 adoracja Naj\u015bwi\u0119tszego Sakramentu.<\/li>\n<\/ul>\n<\/li>\n<li><strong>W sobot\u0119 <\/strong>21 wrze\u015bnia:\n<ul>\n<li>\u015bwi\u0119to \u015bw. Mateusza, Aposto\u0142a i Ewangelisty.<\/li>\n<\/ul>\n<\/li>\n<li><strong>W niedziel\u0119 <\/strong>22 wrze\u015bnia:\n<ul>\n<li>R\u00f3\u017caniec poprowadzi R\u00f3\u017ca b\u0142. Marii Teresy Led\u00f3chowskiej,<\/li>\n<li>po Mszy \u015bw. wieczornej nabo\u017ce\u0144stwo podzi\u0119kowa\u0144 i pr\u00f3\u015bb za wstawiennictwem \u015bw. Jana Paw\u0142a II.<\/li>\n<\/ul>\n<\/li>\n<li>Dzi\u0119kujemy za ofiary dzi\u015b za\u0142o\u017cone na \u0142awki dla naszego ko\u015bcio\u0142a. B\u00f3g zap\u0142a\u0107.<\/li>\n<li>Zapraszamy do lektury Pisma \u015aw. i nowej prasy katolickiej dost\u0119pnej pod ch\u00f3rem.<\/li>\n<\/ol>\n<p><strong>SPOTKANIA:<\/strong><\/p>\n<ul>\n<li><strong>Ch\u00f3r \u201eCredo\u201d <\/strong>\u2013 wtorek 18:00<\/li>\n<li><strong>Medytacja S\u0142owa Bo\u017cego w duchu Lectio divina <\/strong>\u2013 wtorek po Mszy \u015bw. <em>(w ko\u015bciele)<\/em><\/li>\n<li><strong>LSO<\/strong> \u2013 czwartek po Mszy \u015bw.<\/li>\n<li><strong>Ruch \u015awiat\u0142o &#8211; \u017bycie<\/strong> \u2013 pi\u0105tek po Mszy \u015bw.<\/li>\n<\/ul>\n","protected":false},"excerpt":{"rendered":"<p>Dzi\u015b po Mszach \u015bw. zbi\u00f3rka do puszek na potrzeby Katolickiego Radia VIA. W poniedzia\u0142ek 16 wrze\u015bnia: wspomnienie \u015bw. m\u0119czennik\u00f3w Korneliusza, papie\u017ca i Cypriana, biskupa. We wtorek 17 wrze\u015bnia: wypada 85 rocznica najazdu Zwi\u0105zku Radzieckiego na Polsk\u0119. W \u015brod\u0119 18 wrze\u015bnia: \u015bwi\u0119to \u015bw. Stanis\u0142awa Kostki, zakonnika, patrona Polski, na Msz\u0119 \u015bw. wieczorn\u0105 zapraszamy wszystkich kandydat\u00f3w do <a class=\"read-more\" href=\"https:\/\/parafiazalesie.org\/index.php\/2024\/09\/12\/ogloszenia-xxiv-niedziela-zwykla-15-09-2023-r\/\"><\/p>\n<p>Zobacz wi\u0119cej<\/a><\/p>\n","protected":false},"author":1,"featured_media":1584,"comment_status":"closed","ping_status":"closed","sticky":false,"template":"","format":"standard","meta":{"ngg_post_thumbnail":0,"footnotes":""},"categories":[3],"tags":[],"class_list":["post-1583","post","type-post","status-publish","format-standard","has-post-thumbnail","hentry","category-ogloszenia"],"_links":{"self":[{"href":"https:\/\/parafiazalesie.org\/index.php\/wp-json\/wp\/v2\/posts\/1583","targetHints":{"allow":["GET"]}}],"collection":[{"href":"https:\/\/parafiazalesie.org\/index.php\/wp-json\/wp\/v2\/posts"}],"about":[{"href":"https:\/\/parafiazalesie.org\/index.php\/wp-json\/wp\/v2\/types\/post"}],"author":[{"embeddable":true,"href":"https:\/\/parafiazalesie.org\/index.php\/wp-json\/wp\/v2\/users\/1"}],"replies":[{"embeddable":true,"href":"https:\/\/parafiazalesie.org\/index.php\/wp-json\/wp\/v2\/comments?post=1583"}],"version-history":[{"count":1,"href":"https:\/\/parafiazalesie.org\/index.php\/wp-json\/wp\/v2\/posts\/1583\/revisions"}],"predecessor-version":[{"id":1585,"href":"https:\/\/parafiazalesie.org\/index.php\/wp-json\/wp\/v2\/posts\/1583\/revisions\/1585"}],"wp:featuredmedia":[{"embeddable":true,"href":"https:\/\/parafiazalesie.org\/index.php\/wp-json\/wp\/v2\/media\/1584"}],"wp:attachment":[{"href":"https:\/\/parafiazalesie.org\/index.php\/wp-json\/wp\/v2\/media?parent=1583"}],"wp:term":[{"taxonomy":"category","embeddable":true,"href":"https:\/\/parafiazalesie.org\/index.php\/wp-json\/wp\/v2\/categories?post=1583"},{"taxonomy":"post_tag","embeddable":true,"href":"https:\/\/parafiazalesie.org\/index.php\/wp-json\/wp\/v2\/tags?post=1583"}],"curies":[{"name":"wp","href":"https:\/\/api.w.org\/{rel}","templated":true}]}}