{"id":1465,"date":"2024-05-04T11:20:04","date_gmt":"2024-05-04T09:20:04","guid":{"rendered":"https:\/\/parafiazalesie.org\/?p=1465"},"modified":"2024-04-25T11:23:35","modified_gmt":"2024-04-25T09:23:35","slug":"ogloszenia-vi-niedziela-wielkanocna-5-05-2024-r","status":"publish","type":"post","link":"https:\/\/parafiazalesie.org\/index.php\/2024\/05\/04\/ogloszenia-vi-niedziela-wielkanocna-5-05-2024-r\/","title":{"rendered":"OG\u0141OSZENIA VI Niedziela Wielkanocna 5.05.2024 r."},"content":{"rendered":"<ol>\n<li>W poniedzia\u0142ek, wtorek i \u015brod\u0119 wypadaj\u0105 <strong>dni krzy\u017cowe<\/strong>, czyli dni modlitw o urodzaje. Po Mszach \u015bw. wieczornych urz\u0105dzimy procesj\u0119 b\u0142agaln\u0105 wok\u00f3\u0142 ko\u015bcio\u0142a o urodzaje i b\u0142ogos\u0142awie\u0144stwo Bo\u017ce w pracy, nie tylko na roli.<\/li>\n<li><strong>W poniedzia\u0142ek <\/strong>6 maja:\n<ul>\n<li>\u015awi\u0119to \u015bw. Aposto\u0142\u00f3w Filipa i Jakuba.<\/li>\n<\/ul>\n<\/li>\n<li><strong>W \u015brod\u0119 <\/strong>8 maja:\n<ul>\n<li>Uroczysto\u015b\u0107 \u015bw. Stanis\u0142awa, biskupa i m\u0119czennika, patrona Polski,<\/li>\n<li>po Mszy \u015bw. o godz. 18:00 Nowenna do Matki Bo\u017cej Nieustaj\u0105cej Pomocy, Pani Zaleskiej,<\/li>\n<li>po nabo\u017ce\u0144stwie adoracja Naj\u015bwi\u0119tszego Sakramentu do godz. 20:00.<\/li>\n<\/ul>\n<\/li>\n<li><strong>W czwartek <\/strong>9 maja:\n<ul>\n<li>wspomnienie \u015bw. Atanazego, biskupa, doktora Ko\u015bcio\u0142a.<\/li>\n<\/ul>\n<\/li>\n<li><strong>W pi\u0105tek <\/strong>10 maja:\n<ul>\n<li>rozpoczynamy Nowenn\u0119 przed Uroczysto\u015bci\u0105 Zes\u0142ania Ducha \u015awi\u0119tego,<\/li>\n<li>adoracja Naj\u015bwi\u0119tszego Sakramentu do godz. 17:00 do 18:00.<\/li>\n<\/ul>\n<\/li>\n<li><strong>W sobot\u0119 <\/strong>11 maja:\n<ul>\n<li>na godz. 17:30 Apostolstwo Dobrej \u015amierci zaprasza swoich cz\u0142onk\u00f3w i wszystkich ch\u0119tnych na modlitw\u0119 r\u00f3\u017ca\u0144cow\u0105, a po niej na Msz\u0119 \u015bw. w intencji cz\u0142onk\u00f3w ADS.<\/li>\n<\/ul>\n<\/li>\n<li><strong>W Niedziel\u0119 <\/strong>12 maja:\n<ul>\n<li><strong>Uroczysto\u015b\u0107 Wniebowst\u0105pienia Pa\u0144skiego,<\/strong><\/li>\n<li>R\u00f3\u017caniec poprowadzi R\u00f3\u017ca b\u0142. El\u017cbiety R\u00f3\u017cy Czackiej.<\/li>\n<\/ul>\n<\/li>\n<li>Zach\u0119camy do czytania i rozwa\u017cania S\u0142owa Bo\u017cego. Pod ch\u00f3rem nowa prasa katolicka.<\/li>\n<\/ol>\n<p><strong>&nbsp;<\/strong><\/p>\n<p><strong>&nbsp;<\/strong><strong>SPOTKANIA:<\/strong><\/p>\n<ul>\n<li><strong>Schola <\/strong>\u2013 poniedzia\u0142ek 17:30<\/li>\n<li><strong>Ch\u00f3r \u201eCredo\u201d <\/strong>\u2013 wtorek 18:00<\/li>\n<li><strong>Medytacja S\u0142owa Bo\u017cego w duchu Lectio divina <\/strong>\u2013 wtorek po Mszy \u015bw.<\/li>\n<li><strong>LSO<\/strong> \u2013 \u015broda po Mszy \u015bw.<\/li>\n<li><strong>Akcja Katolicka<\/strong> \u2013 czwartek po Mszy \u015bw.<\/li>\n<li><strong>Ruch \u015awiat\u0142o &#8211; \u017bycie<\/strong> \u2013 pi\u0105tek po Mszy \u015bw.<\/li>\n<\/ul>\n","protected":false},"excerpt":{"rendered":"<p>W poniedzia\u0142ek, wtorek i \u015brod\u0119 wypadaj\u0105 dni krzy\u017cowe, czyli dni modlitw o urodzaje. Po Mszach \u015bw. wieczornych urz\u0105dzimy procesj\u0119 b\u0142agaln\u0105 wok\u00f3\u0142 ko\u015bcio\u0142a o urodzaje i b\u0142ogos\u0142awie\u0144stwo Bo\u017ce w pracy, nie tylko na roli. W poniedzia\u0142ek 6 maja: \u015awi\u0119to \u015bw. Aposto\u0142\u00f3w Filipa i Jakuba. W \u015brod\u0119 8 maja: Uroczysto\u015b\u0107 \u015bw. Stanis\u0142awa, biskupa i m\u0119czennika, patrona Polski, <a class=\"read-more\" href=\"https:\/\/parafiazalesie.org\/index.php\/2024\/05\/04\/ogloszenia-vi-niedziela-wielkanocna-5-05-2024-r\/\"><\/p>\n<p>Zobacz wi\u0119cej<\/a><\/p>\n","protected":false},"author":1,"featured_media":1466,"comment_status":"closed","ping_status":"closed","sticky":false,"template":"","format":"standard","meta":{"ngg_post_thumbnail":0,"footnotes":""},"categories":[3],"tags":[],"class_list":["post-1465","post","type-post","status-publish","format-standard","has-post-thumbnail","hentry","category-ogloszenia"],"_links":{"self":[{"href":"https:\/\/parafiazalesie.org\/index.php\/wp-json\/wp\/v2\/posts\/1465","targetHints":{"allow":["GET"]}}],"collection":[{"href":"https:\/\/parafiazalesie.org\/index.php\/wp-json\/wp\/v2\/posts"}],"about":[{"href":"https:\/\/parafiazalesie.org\/index.php\/wp-json\/wp\/v2\/types\/post"}],"author":[{"embeddable":true,"href":"https:\/\/parafiazalesie.org\/index.php\/wp-json\/wp\/v2\/users\/1"}],"replies":[{"embeddable":true,"href":"https:\/\/parafiazalesie.org\/index.php\/wp-json\/wp\/v2\/comments?post=1465"}],"version-history":[{"count":1,"href":"https:\/\/parafiazalesie.org\/index.php\/wp-json\/wp\/v2\/posts\/1465\/revisions"}],"predecessor-version":[{"id":1467,"href":"https:\/\/parafiazalesie.org\/index.php\/wp-json\/wp\/v2\/posts\/1465\/revisions\/1467"}],"wp:featuredmedia":[{"embeddable":true,"href":"https:\/\/parafiazalesie.org\/index.php\/wp-json\/wp\/v2\/media\/1466"}],"wp:attachment":[{"href":"https:\/\/parafiazalesie.org\/index.php\/wp-json\/wp\/v2\/media?parent=1465"}],"wp:term":[{"taxonomy":"category","embeddable":true,"href":"https:\/\/parafiazalesie.org\/index.php\/wp-json\/wp\/v2\/categories?post=1465"},{"taxonomy":"post_tag","embeddable":true,"href":"https:\/\/parafiazalesie.org\/index.php\/wp-json\/wp\/v2\/tags?post=1465"}],"curies":[{"name":"wp","href":"https:\/\/api.w.org\/{rel}","templated":true}]}}