{"id":1462,"date":"2024-04-25T08:51:15","date_gmt":"2024-04-25T06:51:15","guid":{"rendered":"https:\/\/parafiazalesie.org\/?p=1462"},"modified":"2024-04-25T08:51:15","modified_gmt":"2024-04-25T06:51:15","slug":"ogloszenia-v-niedziela-wielkanocna-28-04-2024-r","status":"publish","type":"post","link":"https:\/\/parafiazalesie.org\/index.php\/2024\/04\/25\/ogloszenia-v-niedziela-wielkanocna-28-04-2024-r\/","title":{"rendered":"OG\u0141OSZENIA  V Niedziela Wielkanocna 28.04.2024 r."},"content":{"rendered":"<ol>\n<li><strong>W poniedzia\u0142ek <\/strong>29 kwietnia:\n<ul>\n<li>\u015awi\u0119to \u015bw. Katarzyny ze Sieny, dziewicy i doktora Ko\u015bcio\u0142a, patronki Europy. Obchodzimy Dzie\u0144 M\u0119cze\u0144stwa Duchowie\u0144stwa Polskiego w czasie II wojny \u015bwiatowej.<\/li>\n<\/ul>\n<\/li>\n<li><strong>W \u015brod\u0119 <\/strong>1 maja:\n<ul>\n<li>rozpoczynamy nabo\u017ce\u0144stwa majowe, kt\u00f3re odprawiane b\u0119d\u0105 po Mszy \u015bw. wieczornej. Zapraszamy dzieci, m\u0142odzie\u017c i doros\u0142ych na spotkania z Matk\u0105 Boga i nasz\u0105. Wy\u015bpiewujmy mi\u0142o\u015b\u0107 do Maryi i zawierzmy Jej swoj\u0105 codzienno\u015b\u0107. Piel\u0119gnujmy pi\u0119kn\u0105 tradycj\u0119 \u015bpiewania Litanii Loreta\u0144skiej przy kapliczkach,<\/li>\n<li>po Mszy \u015bw. o godz. 18:00 Nowenna do Matki Bo\u017cej Nieustaj\u0105cej Pomocy, Pani Zaleskiej,<\/li>\n<li>po nabo\u017ce\u0144stwie adoracja Naj\u015bwi\u0119tszego Sakramentu do godz. 20:00.<\/li>\n<\/ul>\n<\/li>\n<li>W tym tygodniu wypada <strong>pierwszy czwartek, pierwszy pi\u0105tek i pierwsza sobota miesi\u0105ca<\/strong>. Zapraszamy na nabo\u017ce\u0144stwa na godz. 18:00. Spowied\u017a przed pierwszym pi\u0105tkiem, w czwartek od godz. 17:00.<\/li>\n<li><strong>W czwartek <\/strong>2 maja:\n<ul>\n<li>wspomnienie \u015bw. Atanazego, biskupa, doktora Ko\u015bcio\u0142a.<\/li>\n<\/ul>\n<\/li>\n<li><strong>W pi\u0105tek <\/strong>3 maja:\n<ul>\n<li><strong>Uroczysto\u015b\u0107 Naj\u015bwi\u0119tszej Maryi Panny, Kr\u00f3lowej Polski <\/strong>\u2013 G\u0142\u00f3wnej Patronki Polski,<\/li>\n<li>Msze \u015bw. w naszej parafii jak w ka\u017cd\u0105 niedziel\u0119.<\/li>\n<\/ul>\n<\/li>\n<li><strong>W sobot\u0119 <\/strong>4 maja:\n<ul>\n<li>od godz. 9:00 odwiedziny chorych z sakramentami spowiedzi i Komunii \u015bw.,<\/li>\n<li>wspomnienie \u015bw. Floriana, m\u0119czennika,<\/li>\n<li>otoczmy modlitw\u0105 Stra\u017cak\u00f3w, szczeg\u00f3lnie z OSP Zalesie, z kt\u00f3rymi spotkamy si\u0119 na Mszy \u015bw. o godz. 18:00. Zapraszamy do wsp\u00f3lnej modlitwy.<\/li>\n<\/ul>\n<\/li>\n<li><strong>W Niedziel\u0119 <\/strong>5 maja:\n<ul>\n<li>po Mszy \u015bw. porannej zmiana tajemnic r\u00f3\u017ca\u0144cowych,<\/li>\n<li>R\u00f3\u017caniec poprowadzi R\u00f3\u017ca \u015bw. Jadwigi \u015al\u0105skiej.<\/li>\n<\/ul>\n<\/li>\n<li>W ko\u015bciele na dole i na ch\u00f3rze zosta\u0142 zainstalowany zestaw multimedialny do wy\u015bwietlania pie\u015bni. Koszt zestawu 32 tys. z\u0142. Mamy nadziej\u0119, \u017ce polepszy zaanga\u017cowanie w \u015bpiew liturgiczny podczas Mszy \u015bw.<\/li>\n<li>Zach\u0119camy do czytania Pisma \u015awi\u0119tego, ksi\u0105\u017cek i prasy katolickiej.<\/li>\n<\/ol>\n<p>&nbsp;<\/p>\n<p><strong>SPOTKANIA:<\/strong><\/p>\n<ul>\n<li><strong>Schola <\/strong>\u2013 poniedzia\u0142ek 17:30<\/li>\n<li><strong>Ch\u00f3r \u201eCredo\u201d<\/strong> \u2013 wtorek 18:00<\/li>\n<li><strong>Medytacja S\u0142owa Bo\u017cego w duchu Lectio divina <\/strong>\u2013 wtorek po Mszy \u015bw.<\/li>\n<\/ul>\n","protected":false},"excerpt":{"rendered":"<p>W poniedzia\u0142ek 29 kwietnia: \u015awi\u0119to \u015bw. Katarzyny ze Sieny, dziewicy i doktora Ko\u015bcio\u0142a, patronki Europy. Obchodzimy Dzie\u0144 M\u0119cze\u0144stwa Duchowie\u0144stwa Polskiego w czasie II wojny \u015bwiatowej. W \u015brod\u0119 1 maja: rozpoczynamy nabo\u017ce\u0144stwa majowe, kt\u00f3re odprawiane b\u0119d\u0105 po Mszy \u015bw. wieczornej. Zapraszamy dzieci, m\u0142odzie\u017c i doros\u0142ych na spotkania z Matk\u0105 Boga i nasz\u0105. Wy\u015bpiewujmy mi\u0142o\u015b\u0107 do Maryi <a class=\"read-more\" href=\"https:\/\/parafiazalesie.org\/index.php\/2024\/04\/25\/ogloszenia-v-niedziela-wielkanocna-28-04-2024-r\/\"><\/p>\n<p>Zobacz wi\u0119cej<\/a><\/p>\n","protected":false},"author":1,"featured_media":1463,"comment_status":"closed","ping_status":"closed","sticky":false,"template":"","format":"standard","meta":{"ngg_post_thumbnail":0,"footnotes":""},"categories":[3],"tags":[],"class_list":["post-1462","post","type-post","status-publish","format-standard","has-post-thumbnail","hentry","category-ogloszenia"],"_links":{"self":[{"href":"https:\/\/parafiazalesie.org\/index.php\/wp-json\/wp\/v2\/posts\/1462","targetHints":{"allow":["GET"]}}],"collection":[{"href":"https:\/\/parafiazalesie.org\/index.php\/wp-json\/wp\/v2\/posts"}],"about":[{"href":"https:\/\/parafiazalesie.org\/index.php\/wp-json\/wp\/v2\/types\/post"}],"author":[{"embeddable":true,"href":"https:\/\/parafiazalesie.org\/index.php\/wp-json\/wp\/v2\/users\/1"}],"replies":[{"embeddable":true,"href":"https:\/\/parafiazalesie.org\/index.php\/wp-json\/wp\/v2\/comments?post=1462"}],"version-history":[{"count":1,"href":"https:\/\/parafiazalesie.org\/index.php\/wp-json\/wp\/v2\/posts\/1462\/revisions"}],"predecessor-version":[{"id":1464,"href":"https:\/\/parafiazalesie.org\/index.php\/wp-json\/wp\/v2\/posts\/1462\/revisions\/1464"}],"wp:featuredmedia":[{"embeddable":true,"href":"https:\/\/parafiazalesie.org\/index.php\/wp-json\/wp\/v2\/media\/1463"}],"wp:attachment":[{"href":"https:\/\/parafiazalesie.org\/index.php\/wp-json\/wp\/v2\/media?parent=1462"}],"wp:term":[{"taxonomy":"category","embeddable":true,"href":"https:\/\/parafiazalesie.org\/index.php\/wp-json\/wp\/v2\/categories?post=1462"},{"taxonomy":"post_tag","embeddable":true,"href":"https:\/\/parafiazalesie.org\/index.php\/wp-json\/wp\/v2\/tags?post=1462"}],"curies":[{"name":"wp","href":"https:\/\/api.w.org\/{rel}","templated":true}]}}