{"id":1457,"date":"2024-04-25T08:43:54","date_gmt":"2024-04-25T06:43:54","guid":{"rendered":"https:\/\/parafiazalesie.org\/?p=1457"},"modified":"2024-04-25T08:43:54","modified_gmt":"2024-04-25T06:43:54","slug":"intencje-parafialne-29-04-05-05-2024-r","status":"publish","type":"post","link":"https:\/\/parafiazalesie.org\/index.php\/2024\/04\/25\/intencje-parafialne-29-04-05-05-2024-r\/","title":{"rendered":"Intencje parafialne 29.04-05.05.2024 r."},"content":{"rendered":"<table style=\"width: 100%; height: 1329px;\" width=\"933\">\n<tbody>\n<tr style=\"height: 10px;\">\n<td style=\"width: 99.855%; height: 10px;\" colspan=\"3\" width=\"933\">&nbsp;<\/td>\n<\/tr>\n<tr style=\"height: 92px;\">\n<td style=\"width: 12.6178%; height: 161px;\" rowspan=\"2\" width=\"118\">\n<p><strong>29.04.2024 r.<\/strong><\/p>\n<p><strong>Poniedzia\u0142ek<\/strong><\/p>\n<\/td>\n<td style=\"width: 7.61421%; height: 92px;\" width=\"71\">\n<p><strong>7:00<\/strong><\/p>\n<\/td>\n<td style=\"width: 79.6229%; height: 92px;\" width=\"744\">\n<p><strong>+ J\u00f3zef Surdel <\/strong>(29 gr)<br \/>\nO dobr\u0105 prac\u0119 i potrzebne \u0142aski dla<strong> Katarzyny<br \/>\n<\/strong><strong>+ Marek Matu\u0142a <\/strong>od kierownictwa i wsp\u00f3\u0142pracownik\u00f3w O\u015brodka Chirurgii Oka<\/p>\n<\/td>\n<\/tr>\n<tr style=\"height: 69px;\">\n<td style=\"width: 7.61421%; height: 69px;\" width=\"71\">\n<p><strong>18:00<\/strong><\/p>\n<\/td>\n<td style=\"width: 79.6229%; height: 69px;\" width=\"744\">\n<p>O \u015bwiat\u0142o Ducha \u015awi\u0119tego dla <strong>Miko\u0142aja<\/strong> w egzaminie maturalnym<br \/>\n<strong>++ Katarzyna Marchel; Stanis\u0142aw Dobosz<\/strong><\/p>\n<\/td>\n<\/tr>\n<tr style=\"height: 92px;\">\n<td style=\"width: 12.6178%; height: 161px;\" rowspan=\"2\" width=\"118\">\n<p><strong>30.04.2024 r.<\/strong><\/p>\n<p><strong>Wtorek<\/strong><\/p>\n<\/td>\n<td style=\"width: 7.61421%; height: 92px;\" width=\"71\">\n<p><strong>7:00<\/strong><\/p>\n<\/td>\n<td style=\"width: 79.6229%; height: 92px;\" width=\"744\">\n<p><strong>+ J\u00f3zef Surdel <\/strong>(30 gr)<br \/>\n<strong>+ Tadeusz Duliban <\/strong>od rodziny Duliban\u00f3w<br \/>\n<strong>+ Marek Matu\u0142a <\/strong>od kierownictwa i wsp\u00f3\u0142pracownik\u00f3w O\u015brodka Chirurgii Oka<\/p>\n<\/td>\n<\/tr>\n<tr style=\"height: 69px;\">\n<td style=\"width: 7.61421%; height: 69px;\" width=\"71\">\n<p><strong>18:00<\/strong><\/p>\n<\/td>\n<td style=\"width: 79.6229%; height: 69px;\" width=\"744\">\n<p><strong>+ Janina Ci\u0105pa\u0142a <\/strong>(50R\u015a)<br \/>\nO Bo\u017ce b\u0142ogos\u0142awie\u0144stwo dla<strong> Nikodema i Alicji<\/strong><\/p>\n<\/td>\n<\/tr>\n<tr style=\"height: 69px;\">\n<td style=\"width: 12.6178%; height: 138px;\" rowspan=\"2\" width=\"118\">\n<p><strong>01.05.2024 r.<\/strong><\/p>\n<p><strong>\u015aroda<\/strong><\/p>\n<\/td>\n<td style=\"width: 7.61421%; height: 69px;\" width=\"71\">\n<p><strong>7:00<\/strong><\/p>\n<\/td>\n<td style=\"width: 79.6229%; height: 69px;\" width=\"744\">\n<p><strong>+ Krystyna Doma\u0144ska <\/strong>(1 gr)<br \/>\n<strong>+ J\u00f3zef Mendyk<\/strong><\/p>\n<\/td>\n<\/tr>\n<tr style=\"height: 69px;\">\n<td style=\"width: 7.61421%; height: 69px;\" width=\"71\">\n<p><strong>18:00<\/strong><\/p>\n<\/td>\n<td style=\"width: 79.6229%; height: 69px;\" width=\"744\">\n<p>O zdrowie i Bo\u017ce b\u0142ogos\u0142awie\u0144stwo oraz opiek\u0119 MB dla<strong> Si\u00f3str z R\u00f3\u017cy M.T. Led\u00f3chowskiej<br \/>\n<\/strong>Dzi\u0119kczynna w 20 rocznic\u0119 \u015blubu<strong> Leszka i Moniki <\/strong>z pro\u015bb\u0105 o b\u0142ogos\u0142awie\u0144stwo Bo\u017ce<\/p>\n<\/td>\n<\/tr>\n<tr style=\"height: 92px;\">\n<td style=\"width: 12.6178%; height: 161px;\" rowspan=\"2\" width=\"118\">\n<p><strong>02.05.2024 r.<\/strong><\/p>\n<p><strong>Czwartek<\/strong><\/p>\n<\/td>\n<td style=\"width: 7.61421%; height: 92px;\" width=\"71\">\n<p><strong>7:00<\/strong><\/p>\n<\/td>\n<td style=\"width: 79.6229%; height: 92px;\" width=\"744\">\n<p><strong>+ Krystyna Doma\u0144ska <\/strong>(2 gr)<br \/>\nDzi\u0119kczynna za otrzymane \u0142aski w 60 rocznic\u0119 \u015blubu z pro\u015bb\u0105 o dalsze Bo\u017ce b\u0142ogos\u0142awie\u0144stwo i opiek\u0119 Pani Zaleskiej<br \/>\n<strong>+ Marek Matu\u0142a <\/strong>od koleg\u00f3w z pracy Oskara<\/p>\n<\/td>\n<\/tr>\n<tr style=\"height: 69px;\">\n<td style=\"width: 7.61421%; height: 69px;\" width=\"71\">\n<p><strong>18:00<\/strong><\/p>\n<\/td>\n<td style=\"width: 79.6229%; height: 69px;\" width=\"744\">\n<p>Dzi\u0119kczynna za otrzymane \u0142aski w 70 rocznic\u0119 urodzin <strong>Stanis\u0142awa<\/strong> z pro\u015bb\u0105 o dalsze Bo\u017ce b\u0142ogos\u0142awie\u0144stwo i opiek\u0119 Pani Zaleskiej<br \/>\nO m\u0105dro\u015b\u0107 i \u015bwi\u0119to\u015b\u0107 dla<strong> Kap\u0142an\u00f3w <\/strong><\/p>\n<\/td>\n<\/tr>\n<tr style=\"height: 69px;\">\n<td style=\"width: 12.6178%; height: 257px;\" rowspan=\"5\" width=\"118\">\n<p><strong>03.05.2024 r.<\/strong><\/p>\n<p><strong>Pi\u0105tek <\/strong><\/p>\n<\/td>\n<td style=\"width: 7.61421%; height: 69px;\" width=\"71\">\n<p><strong>7:00<\/strong><\/p>\n<\/td>\n<td style=\"width: 79.6229%; height: 69px;\" width=\"744\">\n<p><strong>+ Krystyna Doma\u0144ska <\/strong>(3 gr)<br \/>\n<strong>+ Tadeusz Duliban <\/strong>od \u017cony i syn\u00f3w z rodzinami<\/p>\n<\/td>\n<\/tr>\n<tr style=\"height: 47px;\">\n<td style=\"width: 7.61421%; height: 47px;\" width=\"71\">\n<p><strong>9:00<\/strong><\/p>\n<\/td>\n<td style=\"width: 79.6229%; height: 47px;\" width=\"744\">\n<p>O zdrowie i Bo\u017ce b\u0142ogos\u0142awie\u0144stwo oraz opiek\u0119 MB dla <strong>Si\u00f3str z R\u00f3\u017cy \u015bw. Barbary, oraz<\/strong>&nbsp;o \u017cycie wieczne dla <strong>zmar\u0142ych cz\u0142onk\u00f3w<\/strong><\/p>\n<\/td>\n<\/tr>\n<tr style=\"height: 47px;\">\n<td style=\"width: 7.61421%; height: 47px;\" width=\"71\">\n<p><strong>10:30<\/strong><\/p>\n<\/td>\n<td style=\"width: 79.6229%; height: 47px;\" width=\"744\">\n<p>Wynagradzaj\u0105ca NSPJ za grzechy oraz o intronizacj\u0119 w naszej parafii<\/p>\n<\/td>\n<\/tr>\n<tr style=\"height: 47px;\">\n<td style=\"width: 7.61421%; height: 47px;\" width=\"71\">\n<p><strong>12:00<\/strong><\/p>\n<\/td>\n<td style=\"width: 79.6229%; height: 47px;\" width=\"744\">\n<p><strong>++ Wiktoria i Franciszek oraz Barbara Krzyszto\u0144<\/strong><\/p>\n<\/td>\n<\/tr>\n<tr style=\"height: 47px;\">\n<td style=\"width: 7.61421%; height: 47px;\" width=\"71\">\n<p><strong>17:00<\/strong><\/p>\n<\/td>\n<td style=\"width: 79.6229%; height: 47px;\" width=\"744\">\n<p>O \u0142ask\u0119 zdrowia dla<strong> Marii<\/strong><\/p>\n<\/td>\n<\/tr>\n<tr style=\"height: 92px;\">\n<td style=\"width: 12.6178%; height: 184px;\" rowspan=\"2\" width=\"118\">\n<p><strong>04.05.2024 r.<\/strong><\/p>\n<p><strong>Sobota<\/strong><\/p>\n<\/td>\n<td style=\"width: 7.61421%; height: 92px;\" width=\"71\">\n<p><strong>7:00<\/strong><\/p>\n<\/td>\n<td style=\"width: 79.6229%; height: 92px;\" width=\"744\">\n<p><strong>+<\/strong><strong> Krystyna Doma\u0144ska <\/strong>(4 gr)<br \/>\n<strong>+ Marek Matu\u0142a <\/strong>od kole\u017canek i koleg\u00f3w z RCMB<br \/>\n<strong>+ Janina Chmiel<\/strong><\/p>\n<\/td>\n<\/tr>\n<tr style=\"height: 92px;\">\n<td style=\"width: 7.61421%; height: 92px;\" width=\"71\">\n<p><strong>18:00<\/strong><\/p>\n<\/td>\n<td style=\"width: 79.6229%; height: 92px;\" width=\"744\">\n<p>W intencji wynagradzaj\u0105cej Niepokalanemu Sercu MB za grzechy oraz o b\u0142ogos\u0142awie\u0144stwo Bo\u017ce dla <strong>rodziny Zofii i Jerzego<br \/>\n<\/strong>Dzi\u0119kczynna z pro\u015bb\u0105 o zdrowie i b\u0142ogos\u0142awie\u0144stwo Bo\u017ce dla<strong> Tadeusza<br \/>\n<\/strong>O Bo\u017ce b\u0142ogos\u0142awie\u0144stwo dla <strong>Stra\u017cak\u00f3w z OSP Rzesz\u00f3w-Zalesie<\/strong> i chwa\u0142\u0119 nieba dla <strong>zmar\u0142ych cz\u0142onk\u00f3w stra\u017cy<\/strong><\/p>\n<\/td>\n<\/tr>\n<tr style=\"height: 69px;\">\n<td style=\"width: 12.6178%; height: 257px;\" rowspan=\"5\" width=\"118\">\n<p><strong>05.05.2024 r.<\/strong><\/p>\n<p><strong>Niedziela<\/strong><\/p>\n<\/td>\n<td style=\"width: 7.61421%; height: 69px;\" width=\"71\">\n<p><strong>7:00<\/strong><\/p>\n<\/td>\n<td style=\"width: 79.6229%; height: 69px;\" width=\"744\">\n<p>Dzi\u0119kczynna za otrzymane \u0142aski oraz z pro\u015bb\u0105 o dalsze Bo\u017ce b\u0142ogos\u0142awie\u0144stwo i opiek\u0119 Pani Zaleskiej dla <strong>Wsp\u00f3lnot R\u00f3\u017c R\u00f3\u017ca\u0144cowych i ich rodzin<br \/>\n<\/strong>O zdrowie i Bo\u017ce b\u0142ogos\u0142awie\u0144stwo dla<strong> Braci z R\u00f3\u017cy \u015bw. Jana Paw\u0142a II <\/strong>oraz o \u017cycie wieczne dla<strong> zmar\u0142ych cz\u0142onk\u00f3w<\/strong><\/p>\n<\/td>\n<\/tr>\n<tr style=\"height: 47px;\">\n<td style=\"width: 7.61421%; height: 47px;\" width=\"71\">\n<p><strong>9:00<\/strong><\/p>\n<\/td>\n<td style=\"width: 79.6229%; height: 47px;\" width=\"744\">\n<p><strong>+ Krystyna Doma\u0144ska <\/strong>(5 gr)<\/p>\n<\/td>\n<\/tr>\n<tr style=\"height: 47px;\">\n<td style=\"width: 7.61421%; height: 47px;\" width=\"71\">\n<p><strong>10:30<\/strong><\/p>\n<\/td>\n<td style=\"width: 79.6229%; height: 47px;\" width=\"744\">\n<p><strong>+ Damian <\/strong>(16R\u015a)<\/p>\n<\/td>\n<\/tr>\n<tr style=\"height: 47px;\">\n<td style=\"width: 7.61421%; height: 47px;\" width=\"71\">\n<p><strong>12:00<\/strong><\/p>\n<\/td>\n<td style=\"width: 79.6229%; height: 47px;\" width=\"744\">\n<p><strong>Za parafian<\/strong><\/p>\n<\/td>\n<\/tr>\n<tr style=\"height: 47px;\">\n<td style=\"width: 7.61421%; height: 47px;\" width=\"71\">\n<p><strong>17:00<\/strong><\/p>\n<\/td>\n<td style=\"width: 79.6229%; height: 47px;\" width=\"744\">\n<p><strong>++ Aniela i Micha\u0142 Bednarz<\/strong><\/p>\n<\/td>\n<\/tr>\n<\/tbody>\n<\/table>\n<p>&nbsp;<\/p>\n","protected":false},"excerpt":{"rendered":"<p>&nbsp; 29.04.2024 r. Poniedzia\u0142ek 7:00 + J\u00f3zef Surdel (29 gr) O dobr\u0105 prac\u0119 i potrzebne \u0142aski dla Katarzyny + Marek Matu\u0142a od kierownictwa i wsp\u00f3\u0142pracownik\u00f3w O\u015brodka Chirurgii Oka 18:00 O \u015bwiat\u0142o Ducha \u015awi\u0119tego dla Miko\u0142aja w egzaminie maturalnym ++ Katarzyna Marchel; Stanis\u0142aw Dobosz 30.04.2024 r. Wtorek 7:00 + J\u00f3zef Surdel (30 gr) + Tadeusz Duliban <a class=\"read-more\" href=\"https:\/\/parafiazalesie.org\/index.php\/2024\/04\/25\/intencje-parafialne-29-04-05-05-2024-r\/\"><\/p>\n<p>Zobacz wi\u0119cej<\/a><\/p>\n","protected":false},"author":1,"featured_media":111,"comment_status":"closed","ping_status":"closed","sticky":false,"template":"","format":"standard","meta":{"ngg_post_thumbnail":0,"footnotes":""},"categories":[5],"tags":[],"class_list":["post-1457","post","type-post","status-publish","format-standard","has-post-thumbnail","hentry","category-intencje"],"_links":{"self":[{"href":"https:\/\/parafiazalesie.org\/index.php\/wp-json\/wp\/v2\/posts\/1457","targetHints":{"allow":["GET"]}}],"collection":[{"href":"https:\/\/parafiazalesie.org\/index.php\/wp-json\/wp\/v2\/posts"}],"about":[{"href":"https:\/\/parafiazalesie.org\/index.php\/wp-json\/wp\/v2\/types\/post"}],"author":[{"embeddable":true,"href":"https:\/\/parafiazalesie.org\/index.php\/wp-json\/wp\/v2\/users\/1"}],"replies":[{"embeddable":true,"href":"https:\/\/parafiazalesie.org\/index.php\/wp-json\/wp\/v2\/comments?post=1457"}],"version-history":[{"count":1,"href":"https:\/\/parafiazalesie.org\/index.php\/wp-json\/wp\/v2\/posts\/1457\/revisions"}],"predecessor-version":[{"id":1458,"href":"https:\/\/parafiazalesie.org\/index.php\/wp-json\/wp\/v2\/posts\/1457\/revisions\/1458"}],"wp:featuredmedia":[{"embeddable":true,"href":"https:\/\/parafiazalesie.org\/index.php\/wp-json\/wp\/v2\/media\/111"}],"wp:attachment":[{"href":"https:\/\/parafiazalesie.org\/index.php\/wp-json\/wp\/v2\/media?parent=1457"}],"wp:term":[{"taxonomy":"category","embeddable":true,"href":"https:\/\/parafiazalesie.org\/index.php\/wp-json\/wp\/v2\/categories?post=1457"},{"taxonomy":"post_tag","embeddable":true,"href":"https:\/\/parafiazalesie.org\/index.php\/wp-json\/wp\/v2\/tags?post=1457"}],"curies":[{"name":"wp","href":"https:\/\/api.w.org\/{rel}","templated":true}]}}