{"id":1424,"date":"2024-04-04T20:14:36","date_gmt":"2024-04-04T18:14:36","guid":{"rendered":"https:\/\/parafiazalesie.org\/?p=1424"},"modified":"2024-04-04T20:14:36","modified_gmt":"2024-04-04T18:14:36","slug":"intencje-parafialne-08-14-04-2024-r","status":"publish","type":"post","link":"https:\/\/parafiazalesie.org\/index.php\/2024\/04\/04\/intencje-parafialne-08-14-04-2024-r\/","title":{"rendered":"Intencje parafialne  08-14.04.2024 r."},"content":{"rendered":"<table style=\"width: 100%; height: 720px;\" width=\"874\">\n<tbody>\n<tr style=\"height: 24px;\">\n<td style=\"width: 99.7992%; height: 24px;\" colspan=\"3\" width=\"874\">&nbsp;<\/td>\n<\/tr>\n<tr style=\"height: 91px;\">\n<td style=\"width: 19.2771%; height: 160px;\" rowspan=\"2\" width=\"169\">\n<p><strong>08.04.2024 r.<\/strong><\/p>\n<p><strong>Poniedzia\u0142ek<\/strong><\/p>\n<\/td>\n<td style=\"width: 8.03213%; height: 91px;\" width=\"70\">\n<p><strong>7:00<\/strong><\/p>\n<\/td>\n<td style=\"width: 72.49%; height: 91px;\" width=\"635\">\n<p><strong>++ Jadwiga i Adolf<br \/>\n<\/strong>O udan\u0105 operacj\u0119 i powr\u00f3t do zdrowia dla<strong> Marka<br \/>\n<\/strong><strong>+ Robert Go\u0142\u0105b <\/strong>od rodziny Najda i Ruszel<\/p>\n<\/td>\n<\/tr>\n<tr style=\"height: 69px;\">\n<td style=\"width: 8.03213%; height: 69px;\" width=\"70\">\n<p><strong>17:00<\/strong><\/p>\n<\/td>\n<td style=\"width: 72.49%; height: 69px;\" width=\"635\">\n<p><strong>+ J\u00f3zef Surdel (8 gr)<br \/>\n<\/strong>O Bo\u017ce b\u0142ogos\u0142awie\u0144stwo dla <strong>Laury Pa\u0142ki<\/strong> i jej rodzic\u00f3w<\/p>\n<\/td>\n<\/tr>\n<tr style=\"height: 91px;\">\n<td style=\"width: 19.2771%; height: 160px;\" rowspan=\"2\" width=\"169\">\n<p><strong>09.03.2024 r.<\/strong><\/p>\n<p><strong>Wtorek<\/strong><\/p>\n<\/td>\n<td style=\"width: 8.03213%; height: 91px;\" width=\"70\">\n<p><strong>7:00<\/strong><\/p>\n<\/td>\n<td style=\"width: 72.49%; height: 91px;\" width=\"635\">\n<p>O Bo\u017ce b\u0142og dla <strong>siostry Marii<\/strong> w 80 rocz. urodzin<br \/>\n<strong>+ Robert Go\u0142\u0105b <\/strong>od Andrzeja Noga z rodzin\u0105<br \/>\nO Bo\u017ce b\u0142ogos\u0142awie\u0144stwo i \u0142aski<strong> dla Ewy <\/strong>z okazji urodzin<\/p>\n<\/td>\n<\/tr>\n<tr style=\"height: 69px;\">\n<td style=\"width: 8.03213%; height: 69px;\" width=\"70\">\n<p><strong>18:00<\/strong><\/p>\n<\/td>\n<td style=\"width: 72.49%; height: 69px;\" width=\"635\">\n<p><strong>+&nbsp; J\u00f3zef Surdel (9 gr)<br \/>\n<\/strong><strong>+ Augustyna Kaput <\/strong>od Teresy<\/p>\n<\/td>\n<\/tr>\n<tr style=\"height: 91px;\">\n<td style=\"width: 19.2771%; height: 126px;\" rowspan=\"2\" width=\"169\">\n<p><strong>10.04.2024 r.<\/strong><\/p>\n<p><strong>\u015aroda<\/strong><\/p>\n<\/td>\n<td style=\"width: 8.03213%; height: 91px;\" width=\"70\">\n<p><strong>7:00<\/strong><\/p>\n<\/td>\n<td style=\"width: 72.49%; height: 91px;\" width=\"635\">\n<p><strong>+ Aleksander Durak <\/strong>od siostry z rodz.<br \/>\n<strong>+ Robert Go\u0142\u0105b <\/strong>od Stanis\u0142awa Mita\u0142 z rodz.<br \/>\n<strong>+ Marek Matu\u0142a <\/strong>od swat\u00f3w<\/p>\n<\/td>\n<\/tr>\n<tr style=\"height: 35px;\">\n<td style=\"width: 8.03213%; height: 35px;\" width=\"70\">\n<p><strong>18:00<\/strong><\/p>\n<\/td>\n<td style=\"width: 72.49%; height: 35px;\" width=\"635\">\n<p><strong>+&nbsp; J\u00f3zef Surdel (10 gr)<br \/>\n<\/strong><strong>+ Jacek W\u0105sacz (28 R\u015a)<\/strong><\/p>\n<\/td>\n<\/tr>\n<tr style=\"height: 42px;\">\n<td style=\"width: 19.2771%; height: 52px;\" rowspan=\"2\" width=\"169\">\n<p><strong>11.04.2024 r.<\/strong><\/p>\n<p><strong>Czwartek<\/strong><\/p>\n<\/td>\n<td style=\"width: 8.03213%; height: 42px;\" width=\"70\">\n<p><strong>7:00<\/strong><\/p>\n<\/td>\n<td style=\"width: 72.49%; height: 42px;\" width=\"635\">\n<p><strong>+ Robert Go\u0142\u0105b <\/strong>od Kazimiery W\u0142och z rodz.<br \/>\n<strong>+ Aleksander Durak <\/strong>od dyrekcji i pracownik\u00f3w Miejskiego Zarz\u0105du Dr\u00f3g w Rzeszowie<br \/>\n<strong>+ Marek Matu\u0142a <\/strong>od rodziny Zyga<\/p>\n<\/td>\n<\/tr>\n<tr style=\"height: 10px;\">\n<td style=\"width: 8.03213%; height: 10px;\" width=\"70\">\n<p><strong>18:00<\/strong><\/p>\n<\/td>\n<td style=\"width: 72.49%; height: 10px;\" width=\"635\">\n<p><strong>+&nbsp; J\u00f3zef Surdel (11 gr)<br \/>\n<\/strong><strong>+ Augustyna Kaput <\/strong>od Zofii<\/p>\n<\/td>\n<\/tr>\n<tr style=\"height: 10px;\">\n<td style=\"width: 19.2771%; height: 20px;\" rowspan=\"2\" width=\"169\">\n<p><strong>12.04.2024 r.<\/strong><\/p>\n<p><strong>Pi\u0105tek <\/strong><\/p>\n<\/td>\n<td style=\"width: 8.03213%; height: 10px;\" width=\"70\">\n<p><strong>7:00<\/strong><\/p>\n<\/td>\n<td style=\"width: 72.49%; height: 10px;\" width=\"635\">\n<p><strong>+ Marek Matu\u0142a <\/strong>od rodziny Kaleta<br \/>\n<strong>+ Aleksander Durak <\/strong>od dyrekcji i pracownik\u00f3w Miejskiego Zarz\u0105du Dr\u00f3g w Rzeszowie<br \/>\n<strong>+ Robert Go\u0142\u0105b <\/strong>od Katarzyny i Mariusza Pomyka\u0142a z rodz.<\/p>\n<\/td>\n<\/tr>\n<tr style=\"height: 10px;\">\n<td style=\"width: 8.03213%; height: 10px;\" width=\"70\">\n<p><strong>18:00<\/strong><\/p>\n<\/td>\n<td style=\"width: 72.49%; height: 10px;\" width=\"635\">\n<p><strong>+&nbsp; J\u00f3zef Surdel (12 gr)<br \/>\n<\/strong><strong>+ Zbigniew Gniewek (1 R\u015a)<\/strong><\/p>\n<\/td>\n<\/tr>\n<tr style=\"height: 10px;\">\n<td style=\"width: 19.2771%; height: 20px;\" rowspan=\"2\" width=\"169\">\n<p><strong>13.04.2024 r.<\/strong><\/p>\n<p><strong>Sobota<\/strong><\/p>\n<\/td>\n<td style=\"width: 8.03213%; height: 10px;\" width=\"70\">\n<p><strong>7:00<\/strong><\/p>\n<\/td>\n<td style=\"width: 72.49%; height: 10px;\" width=\"635\">\n<p><strong>++ Janina, Ignacy, Stanis\u0142awa<br \/>\n<\/strong><strong>+ Robert Go\u0142\u0105b <\/strong>od rodz. Pa\u0144czak<br \/>\n<strong>+ Aleksander Durak <\/strong>od pracownik\u00f3w Przedszkola Si\u00f3str Serafitek<\/p>\n<\/td>\n<\/tr>\n<tr style=\"height: 10px;\">\n<td style=\"width: 8.03213%; height: 10px;\" width=\"70\">\n<p><strong>18.00<\/strong><\/p>\n<\/td>\n<td style=\"width: 72.49%; height: 10px;\" width=\"635\">\n<p><strong>+&nbsp; J\u00f3zef Surdel (13 gr)<br \/>\n<\/strong>O Bo\u017ce b\u0142ogos\u0142awie\u0144stwo dla <strong>cz\u0142onk\u00f3w Apostolstwa Dobrej \u015amierci<\/strong> oraz o chwa\u0142\u0119 nieba dla zmar\u0142ych cz\u0142onk\u00f3w<\/p>\n<\/td>\n<\/tr>\n<tr style=\"height: 46px;\">\n<td style=\"width: 19.2771%; height: 158px;\" rowspan=\"5\" width=\"169\">\n<p><strong>14.04.2024 r.<\/strong><\/p>\n<p><strong>Niedziela<\/strong><\/p>\n<\/td>\n<td style=\"width: 8.03213%; height: 46px;\" width=\"70\">\n<p><strong>7:00<\/strong><\/p>\n<\/td>\n<td style=\"width: 72.49%; height: 46px;\" width=\"635\">\n<p><strong>Za parafian<\/strong><\/p>\n<\/td>\n<\/tr>\n<tr style=\"height: 10px;\">\n<td style=\"width: 8.03213%; height: 10px;\" width=\"70\">\n<p><strong>9:00<\/strong><\/p>\n<\/td>\n<td style=\"width: 72.49%; height: 10px;\" width=\"635\">\n<p>Dzi\u0119kczynna z pro\u015bb\u0105 o Bo\u017ce b\u0142ogos\u0142awie\u0144stwo dla<strong> Jarka<\/strong> w 50 rocznic\u0119 urodzin<\/p>\n<\/td>\n<\/tr>\n<tr style=\"height: 10px;\">\n<td style=\"width: 8.03213%; height: 10px;\" width=\"70\">\n<p><strong>10:30<\/strong><\/p>\n<\/td>\n<td style=\"width: 72.49%; height: 10px;\" width=\"635\">\n<p><strong>+&nbsp; J\u00f3zef Surdel (14 gr) <\/strong><\/p>\n<\/td>\n<\/tr>\n<tr style=\"height: 46px;\">\n<td style=\"width: 8.03213%; height: 46px;\" width=\"70\">\n<p><strong>12:00<\/strong><\/p>\n<\/td>\n<td style=\"width: 72.49%; height: 46px;\" width=\"635\">\n<p><strong>+ Rozalia S\u0119p <\/strong>(4 R\u015a)<\/p>\n<\/td>\n<\/tr>\n<tr style=\"height: 46px;\">\n<td style=\"width: 8.03213%; height: 46px;\" width=\"70\">\n<p><strong>17:00<\/strong><\/p>\n<\/td>\n<td style=\"width: 72.49%; height: 46px;\" width=\"635\">\n<p><strong>++ Monika i Jan Domarscy<\/strong><\/p>\n<\/td>\n<\/tr>\n<\/tbody>\n<\/table>\n<p>&nbsp;<\/p>\n","protected":false},"excerpt":{"rendered":"<p>&nbsp; 08.04.2024 r. Poniedzia\u0142ek 7:00 ++ Jadwiga i Adolf O udan\u0105 operacj\u0119 i powr\u00f3t do zdrowia dla Marka + Robert Go\u0142\u0105b od rodziny Najda i Ruszel 17:00 + J\u00f3zef Surdel (8 gr) O Bo\u017ce b\u0142ogos\u0142awie\u0144stwo dla Laury Pa\u0142ki i jej rodzic\u00f3w 09.03.2024 r. Wtorek 7:00 O Bo\u017ce b\u0142og dla siostry Marii w 80 rocz. urodzin <a class=\"read-more\" href=\"https:\/\/parafiazalesie.org\/index.php\/2024\/04\/04\/intencje-parafialne-08-14-04-2024-r\/\"><\/p>\n<p>Zobacz wi\u0119cej<\/a><\/p>\n","protected":false},"author":1,"featured_media":111,"comment_status":"closed","ping_status":"closed","sticky":false,"template":"","format":"standard","meta":{"ngg_post_thumbnail":0,"footnotes":""},"categories":[5],"tags":[],"class_list":["post-1424","post","type-post","status-publish","format-standard","has-post-thumbnail","hentry","category-intencje"],"_links":{"self":[{"href":"https:\/\/parafiazalesie.org\/index.php\/wp-json\/wp\/v2\/posts\/1424","targetHints":{"allow":["GET"]}}],"collection":[{"href":"https:\/\/parafiazalesie.org\/index.php\/wp-json\/wp\/v2\/posts"}],"about":[{"href":"https:\/\/parafiazalesie.org\/index.php\/wp-json\/wp\/v2\/types\/post"}],"author":[{"embeddable":true,"href":"https:\/\/parafiazalesie.org\/index.php\/wp-json\/wp\/v2\/users\/1"}],"replies":[{"embeddable":true,"href":"https:\/\/parafiazalesie.org\/index.php\/wp-json\/wp\/v2\/comments?post=1424"}],"version-history":[{"count":1,"href":"https:\/\/parafiazalesie.org\/index.php\/wp-json\/wp\/v2\/posts\/1424\/revisions"}],"predecessor-version":[{"id":1425,"href":"https:\/\/parafiazalesie.org\/index.php\/wp-json\/wp\/v2\/posts\/1424\/revisions\/1425"}],"wp:featuredmedia":[{"embeddable":true,"href":"https:\/\/parafiazalesie.org\/index.php\/wp-json\/wp\/v2\/media\/111"}],"wp:attachment":[{"href":"https:\/\/parafiazalesie.org\/index.php\/wp-json\/wp\/v2\/media?parent=1424"}],"wp:term":[{"taxonomy":"category","embeddable":true,"href":"https:\/\/parafiazalesie.org\/index.php\/wp-json\/wp\/v2\/categories?post=1424"},{"taxonomy":"post_tag","embeddable":true,"href":"https:\/\/parafiazalesie.org\/index.php\/wp-json\/wp\/v2\/tags?post=1424"}],"curies":[{"name":"wp","href":"https:\/\/api.w.org\/{rel}","templated":true}]}}