{"id":1409,"date":"2024-03-26T10:14:37","date_gmt":"2024-03-26T09:14:37","guid":{"rendered":"https:\/\/parafiazalesie.org\/?p=1409"},"modified":"2024-03-26T10:15:33","modified_gmt":"2024-03-26T09:15:33","slug":"intencje-parafialne-01-07-04-2024-r","status":"publish","type":"post","link":"https:\/\/parafiazalesie.org\/index.php\/2024\/03\/26\/intencje-parafialne-01-07-04-2024-r\/","title":{"rendered":"Intencje parafialne 01-07.04.2024 r."},"content":{"rendered":"<table style=\"width: 100%; height: 663px;\" width=\"699\">\n<tbody>\n<tr style=\"height: 92px;\">\n<td style=\"height: 92px;\" colspan=\"3\" width=\"699\">\n<p><strong>Intencje parafialne<\/strong><\/p>\n<p><strong>01-07.04.2024 r.<\/strong><\/p>\n<\/td>\n<\/tr>\n<tr style=\"height: 154px;\">\n<td style=\"height: 154px;\" width=\"135\">\n<p><strong>01.04.2024 r.<\/strong><\/p>\n<p><strong>Poniedzia\u0142ek<\/strong><\/p>\n<\/td>\n<td style=\"height: 154px;\" width=\"56\">\n<p><strong>7:00<\/strong><\/p>\n<p><strong>&nbsp;<\/strong><strong>9:00<\/strong><\/p>\n<p><strong>10:30<\/strong><\/p>\n<p><strong>&nbsp;<\/strong><strong>12:00<\/strong><\/p>\n<\/td>\n<td style=\"height: 154px;\" width=\"508\">\n<p><strong>+ J\u00f3zef Surdel <\/strong>(1 gr)<br \/>\nDzi\u0119kczynna za otrzymane \u0142aski<br \/>\nW intencji Bogu wiadomej<\/p>\n<p><strong>+ Izabela Sowa <\/strong>od Magdaleny Trojanowskiej z rodzin\u0105<\/p>\n<p><strong>&nbsp;<\/strong>Dzi\u0119kczynna w 12 rocznic\u0119 \u015blubu z pro\u015bb\u0105 o \u0142aski i Bo\u017ce b\u0142ogos\u0142awie\u0144stwo dla<strong> rodziny Bednarskich<\/strong><\/p>\n<\/td>\n<\/tr>\n<tr style=\"height: 25px;\">\n<td style=\"height: 35px;\" rowspan=\"2\" width=\"135\">\n<p><strong>02.03.2024 r.<\/strong><\/p>\n<p><strong>Wtorek<\/strong><\/p>\n<\/td>\n<td style=\"height: 25px;\" width=\"56\">\n<p><strong>7:00<\/strong><\/p>\n<\/td>\n<td style=\"height: 25px;\" width=\"508\">\n<p><strong>+ J\u00f3zef Surdel <\/strong>(2 gr)<br \/>\n<strong>+ W\u0142adys\u0142aw<br \/>\n<\/strong><strong style=\"font-size: 15px;\">+ Jan Gruca<\/strong><\/p>\n<\/td>\n<\/tr>\n<tr style=\"height: 10px;\">\n<td style=\"height: 10px;\" width=\"56\">\n<p><strong>18:00<\/strong><\/p>\n<\/td>\n<td style=\"height: 10px;\" width=\"508\">\n<p><strong>+ Stanis\u0142awa (6 R\u015a)<br \/>\n<\/strong>O szcz\u0119\u015bliwe rozwi\u0105zanie c\u00f3rki<strong> Dagmary<\/strong><\/p>\n<\/td>\n<\/tr>\n<tr style=\"height: 10px;\">\n<td style=\"height: 20px;\" rowspan=\"2\" width=\"135\">\n<p><strong>03.04.2024 r.<\/strong><\/p>\n<p><strong>\u015aroda<\/strong><\/p>\n<\/td>\n<td style=\"height: 10px;\" width=\"56\">\n<p><strong>7:00<\/strong><\/p>\n<\/td>\n<td style=\"height: 10px;\" width=\"508\">\n<p><strong>+ J\u00f3zef Surdel <\/strong>(3 gr)<br \/>\n<strong>+ Zbigniew Ci\u0105pa\u0142a <\/strong>(R\u015a) z int. rodziny<br \/>\n<strong>+ Robert Go\u0142\u0105b <\/strong>od Anny Stawickiej z rodzin\u0105<\/p>\n<\/td>\n<\/tr>\n<tr style=\"height: 10px;\">\n<td style=\"height: 10px;\" width=\"56\">\n<p><strong>18:00<\/strong><\/p>\n<\/td>\n<td style=\"height: 10px;\" width=\"508\">\n<p><strong>+ Stanis\u0142awa Sudo\u0142 <\/strong>(10 R\u015a)<br \/>\n<strong>+ + Apolonia i Stefan<\/strong><\/p>\n<\/td>\n<\/tr>\n<tr style=\"height: 10px;\">\n<td style=\"height: 28px;\" rowspan=\"2\" width=\"135\">\n<p><strong>04.04.2024 r.<\/strong><\/p>\n<p><strong>Czwartek<\/strong><\/p>\n<\/td>\n<td style=\"height: 10px;\" width=\"56\">\n<p><strong>7:00<\/strong><\/p>\n<\/td>\n<td style=\"height: 10px;\" width=\"508\">\n<p><strong>+ J\u00f3zef Surdel <\/strong>(4 gr)<br \/>\n<strong>+ Robert Go\u0142\u0105b <\/strong>od Marii Nizio\u0142 i Waldemara Bazylaka<br \/>\n<strong>+ Aleksander Durak <\/strong>od Anny i Andrzeja Czyrek<\/p>\n<\/td>\n<\/tr>\n<tr style=\"height: 18px;\">\n<td style=\"height: 18px;\" width=\"56\">\n<p><strong>18:00<\/strong><\/p>\n<\/td>\n<td style=\"height: 18px;\" width=\"508\">\n<p>O m\u0105dro\u015b\u0107 m\u0119stwo i \u015bwi\u0119to\u015b\u0107 dla<strong> kap\u0142an\u00f3w<br \/>\n<\/strong><strong>+ Helena Syno\u015b <\/strong>(31R\u015a)<\/p>\n<\/td>\n<\/tr>\n<tr style=\"height: 29px;\">\n<td style=\"height: 76px;\" rowspan=\"2\" width=\"135\">\n<p><strong>05.04.2024 r.<\/strong><\/p>\n<p><strong>Pi\u0105tek <\/strong><\/p>\n<\/td>\n<td style=\"height: 29px;\" width=\"56\">\n<p><strong>7:00<\/strong><\/p>\n<\/td>\n<td style=\"height: 29px;\" width=\"508\">\n<p><strong>+ J\u00f3zef Surdel <\/strong>(5 gr)<br \/>\n<strong>+ Maria <\/strong>(3 R\u015a)<br \/>\n<strong>+ Bronis\u0142awa Mi\u0105sik <\/strong>(2 R\u015a)<br \/>\n<strong>+ Robert Go\u0142\u0105b <\/strong>od rodziny J\u0119drzejczyk<\/p>\n<\/td>\n<\/tr>\n<tr style=\"height: 47px;\">\n<td style=\"height: 47px;\" width=\"56\">\n<p><strong>18:00<\/strong><\/p>\n<\/td>\n<td style=\"height: 47px;\" width=\"508\">\n<p>Wynagradzaj\u0105ca NSPJ i o intronizacj\u0119 w sercach ludzkich<\/p>\n<\/td>\n<\/tr>\n<tr style=\"height: 27px;\">\n<td style=\"height: 60px;\" rowspan=\"2\" width=\"135\">\n<p><strong>06.04.2024 r.<\/strong><\/p>\n<p><strong>Sobota<\/strong><\/p>\n<\/td>\n<td style=\"height: 27px;\" width=\"56\">\n<p><strong>7:00<\/strong><\/p>\n<\/td>\n<td style=\"height: 27px;\" width=\"508\">\n<p><strong>+ J\u00f3zef Surdel <\/strong>(6 gr)<br \/>\n<strong>+ Edward <\/strong>(1 R\u015a)<br \/>\nDzi\u0119kczynna z pro\u015bb\u0105 o Bo\u017ce b\u0142ogos\u0142awie\u0144stwo dla<strong> Ma\u0142gorzaty i Marka <\/strong>w rocznic\u0119 urodzin<\/p>\n<\/td>\n<\/tr>\n<tr style=\"height: 33px;\">\n<td style=\"height: 33px;\" width=\"56\">\n<p><strong>19.00<\/strong><\/p>\n<\/td>\n<td style=\"height: 33px;\" width=\"508\">\n<p><strong>+ Stanis\u0142awa Krzto\u0144 <\/strong>(5 R\u015a)<br \/>\nW intencji<strong> Stanis\u0142awy i Stanis\u0142awa <\/strong>o Mi\u0142osierdzie Bo\u017ce, zdrowie, potrzebne \u0142aski oraz o zbawienie<\/p>\n<\/td>\n<\/tr>\n<tr style=\"height: 10px;\">\n<td style=\"height: 198px;\" rowspan=\"5\" width=\"135\">\n<p><strong>07.04.2024 r.<\/strong><\/p>\n<p><strong>Niedziela<\/strong><\/p>\n<\/td>\n<td style=\"height: 10px;\" width=\"56\">\n<p><strong>7:00<\/strong><\/p>\n<\/td>\n<td style=\"height: 10px;\" width=\"508\">\n<p>Dzi\u0119kczynna za otrzymane \u0142aski z pro\u015bb\u0105 o Bo\u017ce b\u0142ogos\u0142awie\u0144stwo i opiek\u0119 MB Kr\u00f3lowej R\u00f3\u017ca\u0144ca dla<strong> Wsp\u00f3lnoty R\u00f3\u017c R\u00f3\u017ca\u0144cowych i ich rodzin<br \/>\n<\/strong><strong>+ Wiktoria Jakubiec <\/strong>(29 R\u015a) od syna Janusza i Ryszarda<\/p>\n<\/td>\n<\/tr>\n<tr style=\"height: 47px;\">\n<td style=\"height: 47px;\" width=\"56\">\n<p><strong>9:00<\/strong><\/p>\n<\/td>\n<td style=\"height: 47px;\" width=\"508\">\n<p><strong>+ J\u00f3zef Surdel <\/strong>(7 gr)<\/p>\n<\/td>\n<\/tr>\n<tr style=\"height: 47px;\">\n<td style=\"height: 47px;\" width=\"56\">\n<p><strong>10:30<\/strong><\/p>\n<\/td>\n<td style=\"height: 47px;\" width=\"508\">\n<p><strong>+ Anna i Jan Kopta<\/strong><\/p>\n<\/td>\n<\/tr>\n<tr style=\"height: 47px;\">\n<td style=\"height: 47px;\" width=\"56\">\n<p><strong>12:00<\/strong><\/p>\n<\/td>\n<td style=\"height: 47px;\" width=\"508\">\n<p>O Bo\u017ce b\u0142ogos\u0142awie\u0144stwo i potrzebne \u0142aski dla<strong> Rafa\u0142a<\/strong><\/p>\n<\/td>\n<\/tr>\n<tr style=\"height: 47px;\">\n<td style=\"height: 47px;\" width=\"56\">\n<p><strong>17:00<\/strong><\/p>\n<\/td>\n<td style=\"height: 47px;\" width=\"508\">\n<p><strong>Za parafian<\/strong><\/p>\n<\/td>\n<\/tr>\n<\/tbody>\n<\/table>\n<p>&nbsp;<\/p>\n","protected":false},"excerpt":{"rendered":"<p>Intencje parafialne 01-07.04.2024 r. 01.04.2024 r. Poniedzia\u0142ek 7:00 &nbsp;9:00 10:30 &nbsp;12:00 + J\u00f3zef Surdel (1 gr) Dzi\u0119kczynna za otrzymane \u0142aski W intencji Bogu wiadomej + Izabela Sowa od Magdaleny Trojanowskiej z rodzin\u0105 &nbsp;Dzi\u0119kczynna w 12 rocznic\u0119 \u015blubu z pro\u015bb\u0105 o \u0142aski i Bo\u017ce b\u0142ogos\u0142awie\u0144stwo dla rodziny Bednarskich 02.03.2024 r. Wtorek 7:00 + J\u00f3zef Surdel (2 <a class=\"read-more\" href=\"https:\/\/parafiazalesie.org\/index.php\/2024\/03\/26\/intencje-parafialne-01-07-04-2024-r\/\"><\/p>\n<p>Zobacz wi\u0119cej<\/a><\/p>\n","protected":false},"author":1,"featured_media":111,"comment_status":"closed","ping_status":"closed","sticky":false,"template":"","format":"standard","meta":{"ngg_post_thumbnail":0,"footnotes":""},"categories":[5],"tags":[],"class_list":["post-1409","post","type-post","status-publish","format-standard","has-post-thumbnail","hentry","category-intencje"],"_links":{"self":[{"href":"https:\/\/parafiazalesie.org\/index.php\/wp-json\/wp\/v2\/posts\/1409","targetHints":{"allow":["GET"]}}],"collection":[{"href":"https:\/\/parafiazalesie.org\/index.php\/wp-json\/wp\/v2\/posts"}],"about":[{"href":"https:\/\/parafiazalesie.org\/index.php\/wp-json\/wp\/v2\/types\/post"}],"author":[{"embeddable":true,"href":"https:\/\/parafiazalesie.org\/index.php\/wp-json\/wp\/v2\/users\/1"}],"replies":[{"embeddable":true,"href":"https:\/\/parafiazalesie.org\/index.php\/wp-json\/wp\/v2\/comments?post=1409"}],"version-history":[{"count":0,"href":"https:\/\/parafiazalesie.org\/index.php\/wp-json\/wp\/v2\/posts\/1409\/revisions"}],"wp:featuredmedia":[{"embeddable":true,"href":"https:\/\/parafiazalesie.org\/index.php\/wp-json\/wp\/v2\/media\/111"}],"wp:attachment":[{"href":"https:\/\/parafiazalesie.org\/index.php\/wp-json\/wp\/v2\/media?parent=1409"}],"wp:term":[{"taxonomy":"category","embeddable":true,"href":"https:\/\/parafiazalesie.org\/index.php\/wp-json\/wp\/v2\/categories?post=1409"},{"taxonomy":"post_tag","embeddable":true,"href":"https:\/\/parafiazalesie.org\/index.php\/wp-json\/wp\/v2\/tags?post=1409"}],"curies":[{"name":"wp","href":"https:\/\/api.w.org\/{rel}","templated":true}]}}