{"id":1321,"date":"2024-02-08T10:20:56","date_gmt":"2024-02-08T09:20:56","guid":{"rendered":"https:\/\/parafiazalesie.org\/?p=1321"},"modified":"2024-02-08T10:20:56","modified_gmt":"2024-02-08T09:20:56","slug":"intencje-mszalne-12-18-02-2024r","status":"publish","type":"post","link":"https:\/\/parafiazalesie.org\/index.php\/2024\/02\/08\/intencje-mszalne-12-18-02-2024r\/","title":{"rendered":"INTENCJE MSZALNE 12 \u2013 18.02.2024r."},"content":{"rendered":"<table style=\"width: 100%; height: 1023px;\" width=\"744\">\n<tbody>\n<tr style=\"height: 10px;\">\n<td style=\"height: 28px;\" rowspan=\"2\" width=\"108\">\n<p>12.02.2024<\/p>\n<p>Poniedzia\u0142ek<\/p>\n<\/td>\n<td style=\"height: 10px;\" width=\"48\">\n<p>7.00<\/p>\n<\/td>\n<td style=\"height: 10px;\" width=\"588\">\n<p>+ <strong>Stanis\u0142awa Rze\u017anikiewicz (13 gr)<br \/>\n<\/strong>+ <strong>Izabela Sowa<\/strong> int. od \u0141ukasza Leniart z rodzin\u0105<br \/>\n+ <strong>Czes\u0142awa Petrykowska<\/strong> int. od Zbigniewa Solarza z rodzin\u0105<\/p>\n<\/td>\n<\/tr>\n<tr style=\"height: 18px;\">\n<td style=\"height: 18px;\" width=\"48\">\n<p>18.00<\/p>\n<\/td>\n<td style=\"height: 18px;\" width=\"588\">\n<p>++ <strong>Marian, Ma\u0142gorzata Krawczyk<br \/>\n<\/strong>+ <strong>Augustyna Kaput<\/strong> int. od siostrzenicy Danuty z rodzin\u0105<\/p>\n<\/td>\n<\/tr>\n<tr style=\"height: 47px;\">\n<td style=\"height: 67px;\" rowspan=\"2\" width=\"108\">\n<p>13.02.2024 Wtorek<\/p>\n<\/td>\n<td style=\"height: 47px;\" width=\"48\">\n<p>7.00<\/p>\n<\/td>\n<td style=\"height: 47px;\" width=\"588\">\n<p>+ <strong>Stanis\u0142awa Rze\u017anikiewicz (14 gr)<br \/>\n<\/strong>+ <strong>Izabela Sowa<\/strong> int. od Wojciecha Leniart z rodzin\u0105<br \/>\n+ <strong>Czes\u0142awa Petrykowska<\/strong> int. od rodziny Jamroz\u00f3w<\/p>\n<\/td>\n<\/tr>\n<tr style=\"height: 20px;\">\n<td style=\"height: 20px;\" width=\"48\">\n<p>18.00<\/p>\n<\/td>\n<td style=\"height: 20px;\" width=\"588\">\n<p>++ <strong>Wiktoria Stanis\u0142aw Kalita<br \/>\n<\/strong>+ <strong>Augustyna Kaput<\/strong> int. od Teresy i Bogus\u0142awa Kyc<\/p>\n<\/td>\n<\/tr>\n<tr style=\"height: 69px;\">\n<td style=\"height: 210px;\" rowspan=\"4\" width=\"108\">\n<p>14.02.2024<\/p>\n<p><strong>\u015aroda&nbsp;<\/strong><strong>Popielcowa<\/strong><\/p>\n<\/td>\n<td style=\"height: 69px;\" width=\"48\">\n<p>7.00<\/p>\n<\/td>\n<td style=\"height: 69px;\" width=\"588\">\n<p>+<strong> Stanis\u0142awa Rze\u017anikiewicz (15 gr)<br \/>\n<\/strong>+ <strong>Izabela Sowa<\/strong> int. od szwagra W\u0142adys\u0142awa<\/p>\n<\/td>\n<\/tr>\n<tr style=\"height: 47px;\">\n<td style=\"height: 47px;\" width=\"48\">\n<p>9.00<\/p>\n<\/td>\n<td style=\"height: 47px;\" width=\"588\">\n<p>+ <strong>Czes\u0142awa Petrykowska<\/strong> int. od rodziny Baran\u00f3w<\/p>\n<\/td>\n<\/tr>\n<tr style=\"height: 47px;\">\n<td style=\"height: 47px;\" width=\"48\">\n<p>18.00<\/p>\n<\/td>\n<td style=\"height: 47px;\" width=\"588\">\n<p>+ <strong>Bronis\u0142awa K\u0142osowska<\/strong> int. od rodziny Kubic\u00f3w<\/p>\n<\/td>\n<\/tr>\n<tr style=\"height: 47px;\">\n<td style=\"height: 47px;\" width=\"48\">\n<p>20.00<\/p>\n<\/td>\n<td style=\"height: 47px;\" width=\"588\">\n<p>+ <strong>Leszek Baczy\u0144ski<\/strong> int. od chrze\u015bnicy z rodzin\u0105<\/p>\n<\/td>\n<\/tr>\n<tr style=\"height: 92px;\">\n<td style=\"height: 161px;\" rowspan=\"2\" width=\"108\">\n<p>15.02.2024.<\/p>\n<p>Czwartek<\/p>\n<\/td>\n<td style=\"height: 92px;\" width=\"48\">\n<p>7.00<\/p>\n<\/td>\n<td style=\"height: 92px;\" width=\"588\">\n<p>+ <strong>Stanis\u0142awa Rze\u017anikiewicz (16 gr)<br \/>\n<\/strong>+ <strong>Izabella Sowa<\/strong> int. od rodziny Kot<br \/>\n+ <strong>Bronis\u0142awa K\u0142osowska<\/strong> int. od s\u0105siad\u00f3w z ul Wolno\u015bci 5 ze Stalowej Woli<\/p>\n<\/td>\n<\/tr>\n<tr style=\"height: 69px;\">\n<td style=\"height: 69px;\" width=\"48\">\n<p>18.00<\/p>\n<\/td>\n<td style=\"height: 69px;\" width=\"588\">\n<p>+ <strong>Czes\u0142awa Petrykowska<\/strong> int. od syn\u00f3w i synowej<br \/>\n++ <strong>Magdalena, Teofila, Walenty, Izydor, Florian<\/strong><\/p>\n<\/td>\n<\/tr>\n<tr style=\"height: 92px;\">\n<td style=\"height: 161px;\" rowspan=\"2\" width=\"108\">\n<p>16.02.2024<\/p>\n<p>Pi\u0105tek<\/p>\n<\/td>\n<td style=\"height: 92px;\" width=\"48\">\n<p>7.00<\/p>\n<\/td>\n<td style=\"height: 92px;\" width=\"588\">\n<p>+ <strong>Stanis\u0142awa Rze\u017anikiewicz (17 gr)<br \/>\n<\/strong>+ <strong>Marek<\/strong> w 1-sz\u0105 rocznic\u0119 \u015bmierci<br \/>\n+ <strong>Bronis\u0142awa K\u0142osowska<\/strong> int. od s\u0105siad\u00f3w z ul Wolno\u015bci 5 ze Stalowej Woli<\/p>\n<\/td>\n<\/tr>\n<tr style=\"height: 69px;\">\n<td style=\"height: 69px;\" width=\"48\">\n<p>18.00<\/p>\n<\/td>\n<td style=\"height: 69px;\" width=\"588\">\n<p>+ <strong>Izabela Sowa<\/strong> int. od Stanis\u0142awa Mita\u0142 z rodzin\u0105<br \/>\nWynagradzaj\u0105ca NSPJ i o intronizacj\u0119 w sercach ludzkich i w naszej parafii<\/p>\n<\/td>\n<\/tr>\n<tr style=\"height: 92px;\">\n<td style=\"height: 161px;\" rowspan=\"2\" width=\"108\">\n<p>17.02.2024<\/p>\n<p>Sobota<\/p>\n<\/td>\n<td style=\"height: 92px;\" width=\"48\">\n<p>7.00<\/p>\n<\/td>\n<td style=\"height: 92px;\" width=\"588\">\n<p>+ <strong>Stanis\u0142awa Rze\u017anikiewicz (18 gr)<br \/>\n<\/strong><span style=\"font-size: 15px;\">+ <\/span><strong style=\"font-size: 15px;\">Zbigniew Gniewek<\/strong><span style=\"font-size: 15px;\"> int. od Grzegorza P\u0119kali z rodzin\u0105<br \/>\n<\/span>Dzi\u0119kczynna za mo\u017cliwo\u015b\u0107 rozwoju w <strong>Apostolacie Dobrej \u015amierci<\/strong><\/p>\n<\/td>\n<\/tr>\n<tr style=\"height: 69px;\">\n<td style=\"height: 69px;\" width=\"48\">\n<p>18.00<\/p>\n<\/td>\n<td style=\"height: 69px;\" width=\"588\">\n<p>+ <strong>Izabela Sowa<\/strong> int. od rodziny Grzesik\u00f3w<br \/>\n+ <strong>Wies\u0142aw Stadnik<\/strong><\/p>\n<\/td>\n<\/tr>\n<tr style=\"height: 47px;\">\n<td style=\"height: 235px;\" rowspan=\"5\" width=\"108\">\n<p>18.02.2024<\/p>\n<p>Niedziela<\/p>\n<\/td>\n<td style=\"height: 47px;\" width=\"48\">\n<p>7.00<\/p>\n<\/td>\n<td style=\"height: 47px;\" width=\"588\">\n<p><sub>+<\/sub> <strong>Stanis\u0142awa Rze\u017anikiewicz (19 gr)<\/strong><\/p>\n<\/td>\n<\/tr>\n<tr style=\"height: 47px;\">\n<td style=\"height: 47px;\" width=\"48\">\n<p>9.00<\/p>\n<\/td>\n<td style=\"height: 47px;\" width=\"588\">\n<p>+ <strong>Izabela Sowa<\/strong> int. od swatowej z rodzin\u0105 Waszczuk<\/p>\n<\/td>\n<\/tr>\n<tr style=\"height: 47px;\">\n<td style=\"height: 47px;\" width=\"48\">\n<p>10.30<\/p>\n<\/td>\n<td style=\"height: 47px;\" width=\"588\">\n<p>Za Parafian<\/p>\n<\/td>\n<\/tr>\n<tr style=\"height: 47px;\">\n<td style=\"height: 47px;\" width=\"48\">\n<p>12.00<\/p>\n<\/td>\n<td style=\"height: 47px;\" width=\"588\">\n<p>O Bo\u017ce b\u0142ogos\u0142awie\u0144stwo i potrzebne \u0142aski dla<strong> Jana<\/strong><\/p>\n<\/td>\n<\/tr>\n<tr style=\"height: 47px;\">\n<td style=\"height: 47px;\" width=\"48\">\n<p>17.00<\/p>\n<\/td>\n<td style=\"height: 47px;\" width=\"588\">\n<p>+ <strong>Stanis\u0142aw<\/strong><\/p>\n<\/td>\n<\/tr>\n<\/tbody>\n<\/table>\n<p>&nbsp;<\/p>\n","protected":false},"excerpt":{"rendered":"<p>12.02.2024 Poniedzia\u0142ek 7.00 + Stanis\u0142awa Rze\u017anikiewicz (13 gr) + Izabela Sowa int. od \u0141ukasza Leniart z rodzin\u0105 + Czes\u0142awa Petrykowska int. od Zbigniewa Solarza z rodzin\u0105 18.00 ++ Marian, Ma\u0142gorzata Krawczyk + Augustyna Kaput int. od siostrzenicy Danuty z rodzin\u0105 13.02.2024 Wtorek 7.00 + Stanis\u0142awa Rze\u017anikiewicz (14 gr) + Izabela Sowa int. od Wojciecha Leniart <a class=\"read-more\" href=\"https:\/\/parafiazalesie.org\/index.php\/2024\/02\/08\/intencje-mszalne-12-18-02-2024r\/\"><\/p>\n<p>Zobacz wi\u0119cej<\/a><\/p>\n","protected":false},"author":1,"featured_media":111,"comment_status":"closed","ping_status":"closed","sticky":false,"template":"","format":"standard","meta":{"ngg_post_thumbnail":0,"footnotes":""},"categories":[5],"tags":[],"class_list":["post-1321","post","type-post","status-publish","format-standard","has-post-thumbnail","hentry","category-intencje"],"_links":{"self":[{"href":"https:\/\/parafiazalesie.org\/index.php\/wp-json\/wp\/v2\/posts\/1321","targetHints":{"allow":["GET"]}}],"collection":[{"href":"https:\/\/parafiazalesie.org\/index.php\/wp-json\/wp\/v2\/posts"}],"about":[{"href":"https:\/\/parafiazalesie.org\/index.php\/wp-json\/wp\/v2\/types\/post"}],"author":[{"embeddable":true,"href":"https:\/\/parafiazalesie.org\/index.php\/wp-json\/wp\/v2\/users\/1"}],"replies":[{"embeddable":true,"href":"https:\/\/parafiazalesie.org\/index.php\/wp-json\/wp\/v2\/comments?post=1321"}],"version-history":[{"count":0,"href":"https:\/\/parafiazalesie.org\/index.php\/wp-json\/wp\/v2\/posts\/1321\/revisions"}],"wp:featuredmedia":[{"embeddable":true,"href":"https:\/\/parafiazalesie.org\/index.php\/wp-json\/wp\/v2\/media\/111"}],"wp:attachment":[{"href":"https:\/\/parafiazalesie.org\/index.php\/wp-json\/wp\/v2\/media?parent=1321"}],"wp:term":[{"taxonomy":"category","embeddable":true,"href":"https:\/\/parafiazalesie.org\/index.php\/wp-json\/wp\/v2\/categories?post=1321"},{"taxonomy":"post_tag","embeddable":true,"href":"https:\/\/parafiazalesie.org\/index.php\/wp-json\/wp\/v2\/tags?post=1321"}],"curies":[{"name":"wp","href":"https:\/\/api.w.org\/{rel}","templated":true}]}}