{"id":1284,"date":"2024-01-15T12:44:05","date_gmt":"2024-01-15T11:44:05","guid":{"rendered":"https:\/\/parafiazalesie.org\/?p=1284"},"modified":"2024-01-15T12:44:05","modified_gmt":"2024-01-15T11:44:05","slug":"ogloszenia-iii-niedziela-zwykla-14-01-2024-r","status":"publish","type":"post","link":"https:\/\/parafiazalesie.org\/index.php\/2024\/01\/15\/ogloszenia-iii-niedziela-zwykla-14-01-2024-r\/","title":{"rendered":"OG\u0141OSZENIA  III Niedziela Zwyk\u0142a 14.01.2024 r."},"content":{"rendered":"<ol>\n<li>W zwi\u0105zku z trwaj\u0105c\u0105 wizyt\u0105 duszpastersk\u0105,<strong> w tym tygodniu<\/strong>:\n<ul>\n<li>kancelaria b\u0119dzie czynna po Mszy \u015bw. porannej,<\/li>\n<li>prosimy zwr\u00f3ci\u0107 uwag\u0119 na przeniesione intencje Mszy \u015bw. z godziny 18:00 na godz. 7:00.<\/li>\n<\/ul>\n<\/li>\n<li><strong>Dzi\u015b:<\/strong>\n<ul>\n<li>po Mszy \u015bw. o godz. 12:00 rodziny Domowego Ko\u015bcio\u0142a zapraszaj\u0105 do Domu Parafialnego na wsp\u00f3lne rozmowy i kol\u0119dowanie. Na spotkaniu jak co miesi\u0105c b\u0119dzie mo\u017cna wymieni\u0107 si\u0119 ksi\u0105\u017ckami o tematyce religijnej. Zapraszamy doros\u0142ych i dzieci.<\/li>\n<\/ul>\n<\/li>\n<li><strong>W \u015brod\u0119 <\/strong>17 stycznia:\n<ul>\n<li>wspomnienie \u015bw. Antoniego, opata,<\/li>\n<li>po Mszy \u015bw. Nowenna do Matki Bo\u017cej Nieustaj\u0105cej Pomocy, Pani Zaleskiej,<\/li>\n<li>po Nowennie adoracja Naj\u015bwi\u0119tszego Sakramentu do godz. 20:00,<\/li>\n<li>20:30 zapraszamy na Msz\u0119 \u015bw. o dobrego m\u0119\u017ca, dobr\u0105 \u017con\u0119.<\/li>\n<\/ul>\n<\/li>\n<li><strong>W czwartek<\/strong> 18 stycznia:\n<ul>\n<li>rozpoczyna si\u0119 tydzie\u0144 modlitw o jedno\u015b\u0107 chrze\u015bcijan.<\/li>\n<\/ul>\n<\/li>\n<li><strong>W pi\u0105tek <\/strong>19 stycznia:\n<ul>\n<li>Uroczysto\u015b\u0107 \u015bw. J\u00f3zefa Sebastiana Pelczara, biskupa \u2013 g\u0142\u00f3wnego Patrona Diecezji Rzeszowskiej,<\/li>\n<li>od godz. 17:00 do 18:00 adoracja Naj\u015bwi\u0119tszego Sakramentu, prowadzona przez Wsp\u00f3lnot\u0119 Intronizacyjn\u0105.<\/li>\n<\/ul>\n<\/li>\n<li><strong>W niedziel\u0119<\/strong> 21 stycznia:\n<ul>\n<li>R\u00f3\u017caniec poprowadzi R\u00f3\u017ca \u015bw. Urszuli Led\u00f3chowskiej.<\/li>\n<\/ul>\n<\/li>\n<li><strong>W czwartek<\/strong> 25 stycznia:\n<ul>\n<li>20:30 zapraszamy student\u00f3w na Msz\u0119 \u015bw. o \u201edobr\u0105 sesj\u0119\u201d.<\/li>\n<\/ul>\n<\/li>\n<\/ol>\n<p>&nbsp;<\/p>\n<p><strong>Kol\u0119da \u2013 odwiedziny mieszka\u0144c\u00f3w <\/strong><\/p>\n<p>poniedzia\u0142ek \u2013 pi\u0105tek od godz.16:00, sobota od godz.9:00<\/p>\n<ul>\n<li><u>Poniedzia\u0142ek 15 stycznia <\/u>\n<ul>\n<li><strong> Stra\u017cacka <\/strong>(2 ksi\u0119\u017cy).<\/li>\n<\/ul>\n<\/li>\n<li><u>Wtorek 16 stycznia <\/u>\n<ul>\n<li><strong> Sasanki <\/strong>(3 ksi\u0119\u017cy)<\/li>\n<\/ul>\n<\/li>\n<li><u>\u015aroda 17 stycznia<\/u>\n<ul>\n<li><strong> Daliowa <\/strong>(2 ksi\u0119\u017cy), <strong>akademiki \u201eMrowisko\u201d i \u201eHilton\u201d <\/strong>(1 ksi\u0105dz)<\/li>\n<\/ul>\n<\/li>\n<li><u>Czwartek 18 stycznia<\/u>\n<ul>\n<li><strong style=\"font-size: 15px;\">Storczykowa <\/strong><span style=\"font-size: 15px;\">(2 ksi\u0119\u017cy),<\/span><strong style=\"font-size: 15px;\"> ul. Frezji <\/strong><span style=\"font-size: 15px;\">(1 ksi\u0105dz)<\/span><\/li>\n<\/ul>\n<\/li>\n<li><u>Pi\u0105tek 19 stycznia<\/u>\n<ul>\n<li><strong style=\"font-size: 15px;\">Go\u017adzikowa <\/strong><span style=\"font-size: 15px;\">(2 ksi\u0119\u017cy)<\/span><strong style=\"font-size: 15px;\">, ul. Forsycji <\/strong><span style=\"font-size: 15px;\">(1 ksi\u0105dz)<\/span><\/li>\n<\/ul>\n<\/li>\n<li><u>Sobota 20 stycznia<\/u>\n<ul>\n<li><strong style=\"font-size: 15px;\">Zelwerowicza <\/strong><span style=\"font-size: 15px;\">(3 ksi\u0119\u017cy)<\/span><\/li>\n<\/ul>\n<\/li>\n<\/ul>\n<p><strong>&nbsp;<\/strong><strong>Msza \u015bw. kol\u0119dowa<\/strong><\/p>\n<p><u>Niedziela 21 stycznia godz. 14:00<\/u><\/p>\n<p>zapraszamy mieszka\u0144c\u00f3w:<\/p>\n<ol>\n<li><strong> Dunikowskiego (bloki) <\/strong>\u2013 13; 15; 17; 19; 21; 23; 25; 27; 29; 31; 33, <strong>(szereg\u00f3wka)<\/strong> 28,<\/li>\n<li><strong> Forsycji (bloki)<\/strong> 6; 8; 10,<strong> (szereg\u00f3wka)<\/strong> 2,<\/li>\n<li><strong> Zelwerowicza (bloki)<\/strong> &#8211; 5; 10; 10A; 10B; 10C; 10D; 12A; 12B, 20C; 20D; 20E, <strong>(szereg\u00f3wki \u2013 domy wielorodzinne)<\/strong> 8D; 11; 13; 17, 18.<\/li>\n<\/ol>\n","protected":false},"excerpt":{"rendered":"<p>W zwi\u0105zku z trwaj\u0105c\u0105 wizyt\u0105 duszpastersk\u0105, w tym tygodniu: kancelaria b\u0119dzie czynna po Mszy \u015bw. porannej, prosimy zwr\u00f3ci\u0107 uwag\u0119 na przeniesione intencje Mszy \u015bw. z godziny 18:00 na godz. 7:00. Dzi\u015b: po Mszy \u015bw. o godz. 12:00 rodziny Domowego Ko\u015bcio\u0142a zapraszaj\u0105 do Domu Parafialnego na wsp\u00f3lne rozmowy i kol\u0119dowanie. Na spotkaniu jak co miesi\u0105c b\u0119dzie <a class=\"read-more\" href=\"https:\/\/parafiazalesie.org\/index.php\/2024\/01\/15\/ogloszenia-iii-niedziela-zwykla-14-01-2024-r\/\"><\/p>\n<p>Zobacz wi\u0119cej<\/a><\/p>\n","protected":false},"author":1,"featured_media":718,"comment_status":"closed","ping_status":"closed","sticky":false,"template":"","format":"standard","meta":{"ngg_post_thumbnail":0,"footnotes":""},"categories":[3],"tags":[],"class_list":["post-1284","post","type-post","status-publish","format-standard","has-post-thumbnail","hentry","category-ogloszenia"],"_links":{"self":[{"href":"https:\/\/parafiazalesie.org\/index.php\/wp-json\/wp\/v2\/posts\/1284","targetHints":{"allow":["GET"]}}],"collection":[{"href":"https:\/\/parafiazalesie.org\/index.php\/wp-json\/wp\/v2\/posts"}],"about":[{"href":"https:\/\/parafiazalesie.org\/index.php\/wp-json\/wp\/v2\/types\/post"}],"author":[{"embeddable":true,"href":"https:\/\/parafiazalesie.org\/index.php\/wp-json\/wp\/v2\/users\/1"}],"replies":[{"embeddable":true,"href":"https:\/\/parafiazalesie.org\/index.php\/wp-json\/wp\/v2\/comments?post=1284"}],"version-history":[{"count":0,"href":"https:\/\/parafiazalesie.org\/index.php\/wp-json\/wp\/v2\/posts\/1284\/revisions"}],"wp:featuredmedia":[{"embeddable":true,"href":"https:\/\/parafiazalesie.org\/index.php\/wp-json\/wp\/v2\/media\/718"}],"wp:attachment":[{"href":"https:\/\/parafiazalesie.org\/index.php\/wp-json\/wp\/v2\/media?parent=1284"}],"wp:term":[{"taxonomy":"category","embeddable":true,"href":"https:\/\/parafiazalesie.org\/index.php\/wp-json\/wp\/v2\/categories?post=1284"},{"taxonomy":"post_tag","embeddable":true,"href":"https:\/\/parafiazalesie.org\/index.php\/wp-json\/wp\/v2\/tags?post=1284"}],"curies":[{"name":"wp","href":"https:\/\/api.w.org\/{rel}","templated":true}]}}