{"id":126,"date":"2021-03-28T17:10:30","date_gmt":"2021-03-28T15:10:30","guid":{"rendered":"https:\/\/parafiazalesie.org\/?p=126"},"modified":"2021-03-29T07:23:36","modified_gmt":"2021-03-29T05:23:36","slug":"ogloszenia-niedziela-palmowa-niedziela-meki-panskiej-28-03-2021-r","status":"publish","type":"post","link":"https:\/\/parafiazalesie.org\/index.php\/2021\/03\/28\/ogloszenia-niedziela-palmowa-niedziela-meki-panskiej-28-03-2021-r\/","title":{"rendered":"OG\u0141OSZENIA Niedziela Palmowa (Niedziela M\u0119ki Pa\u0144skiej) 28.03.2021 r."},"content":{"rendered":"<ol>\n<li>Przypominamy, \u017ce <b>od dzisiejszej niedzieli<\/b> w naszym ko\u015bciele b\u0119dzie odprawiana <b>dodatkowa Msza \u015bw. o godz. 13:30.<\/b> Pozostawienie tej godziny Mszy \u015bw. uzale\u017cnione b\u0119dzie od ilo\u015bci wiernych uczestnicz\u0105cych w liturgii.<\/li>\n<li>Niedziel\u0105 Palmow\u0105 czyli Niedziel\u0105 M\u0119ki Pa\u0144skiej <b>rozpoczynamy Wielki Tydzie\u0144<\/b>. W \u015brod\u0119 ko\u0144czy si\u0119 Wielki Post. Wchodzimy w\u00a0obch\u00f3d Triduum Paschalnego. Wielkanoc dla chrze\u015bcijanina zaczyna si\u0119 Msz\u0105 Wieczerzy Pa\u0144skiej w Wielki Czwartek wieczorem a ko\u0144czy wieczorem w dniu Zmartwychwstania. B\u0105d\u017amy blisko Chrystusa kiedy b\u0119dzie nas zbawia\u0142<b>.<\/b><\/li>\n<li><b>Od poniedzia\u0142ku do \u015brody Wielkiego Tygodnia<\/b> kontynuujemy <b>spowied\u017a wielkanocn\u0105<\/b>. Rano <b>od godz. 6:30 do godz. 7:00<\/b>. Po po\u0142udniu <b>od godz. 17:30 do godz. 19:00<\/b>. Dy\u017cur w konfesjona\u0142ach pe\u0142ni\u0107 b\u0119dzie dw\u00f3ch kap\u0142an\u00f3w.<\/li>\n<li>Dzi\u015b przed ko\u015bcio\u0142em Panie z Caritasu rozprowadzaj\u0105 palmy. Uzyskane \u015brodki b\u0119d\u0105 przeznaczone na pomoc potrzebuj\u0105cym w\u00a0parafii.<\/li>\n<li>Przed \u015bwi\u0119tami <b>chorych odwiedzimy jutro od godz. 19:00<\/b>. Prosimy o zg\u0142oszenia w zakrystii lub telefonicznie.<\/li>\n<li><b>Dzi\u015b &#8211; Niedziela M\u0119ki Pa\u0144skiej :<\/b>\n<ul>\n<li>o godz. 16:00 Nabo\u017ce\u0144stwo Gorzkich \u017bali z kazaniem pasyjnym,<\/li>\n<li>o godz. 17:00 Msza \u015bw.<\/li>\n<\/ul>\n<\/li>\n<li><i style=\"font-family: inherit; font-weight: inherit;\">Liturgia Wielkiego Czwartku, Wielkiego Pi\u0105tku i Wielkiej Soboty<\/i> <b style=\"font-family: inherit; font-style: inherit;\">b\u0119dzie transmitowana na facebook-u.<\/b><\/li>\n<li><b>W czwartek<\/b> 1 kwietnia &#8211; <b>Wielki Czwartek<\/b>:\n<ul>\n<li>wspomnienie ustanowienia sakramentu: Eucharystii i Kap\u0142a\u0144stwa,<\/li>\n<li>o godz. 18:00 Msz\u0105 Wieczerzy Pa\u0144skiej rozpoczynamy obchodzenie Wielkanocy,<\/li>\n<li>po zako\u0144czeniu liturgii przeniesienie Pana Jezusa do ciemnicy,<\/li>\n<li>do godz. 23:00 adoracja Pana Jezusa w ciemnicy.<\/li>\n<\/ul>\n<\/li>\n<li>W Wielki Pi\u0105tek obowi\u0105zuje post \u015bcis\u0142y. Spo\u017cywamy jeden posi\u0142ek do syta i dwa lekkie, wszystkie bezmi\u0119sne. Wstrzymajmy si\u0119 w ca\u0142ym Wielkim Tygodniu od spo\u017cywania alkoholu. Starajmy si\u0119 te\u017c zachowa\u0107 post w Wielk\u0105 Sobot\u0119 do Mszy \u015bw. wieczornej.<\/li>\n<li><b>W pi\u0105tek<\/b> 2 kwietnia &#8211; <b>Wielki Pi\u0105tek:<\/b>\n<ul>\n<li>od godz. 8:00 przychod\u017amy adorowa\u0107 Pana Jezusa w ciemnicy,<\/li>\n<li>o godz. 18:00 Droga Krzy\u017cowa,<\/li>\n<li>po Drodze Krzy\u017cowej rozpoczynamy Liturgi\u0119 Wielkiego Pi\u0105tku w jej sk\u0142ad wchodzi: Liturgia S\u0142owa, Adoracja Krzy\u017ca, Komunia \u015awi\u0119ta i przeniesienie Pana Jezusa do grobu. Krzy\u017c w czasie liturgii uca\u0142uje tylko celebrans. Pozostali obecni na liturgii oddadz\u0105 cze\u015b\u0107 Krzy\u017cowi przez przykl\u0119kni\u0119cie na oba kolana,<\/li>\n<li>po zako\u0144czeniu liturgii Nowenna przed \u015awi\u0119tem Mi\u0142osierdzia Bo\u017cego,<\/li>\n<li>do godz. 23:00 adoracja Pana Jezusa w grobie.<\/li>\n<\/ul>\n<\/li>\n<li><b style=\"font-family: inherit; font-style: inherit;\">W sobot\u0119 <\/b><span style=\"font-size: 15px;\">3 kwietnia &#8211; <\/span><b style=\"font-family: inherit; font-style: inherit;\">Wielka Sobota:<\/b>\n<ul>\n<li>od godz. 8:00 adoracja Pana Jezusa w grobie,<\/li>\n<li>od godz. 9.00 do godz. 13.00 po\u015bwi\u0119cenie pokarm\u00f3w co p\u00f3\u0142 godziny. Bardzo prosimy o ustawianie si\u0119 do po\u015bwi\u0119cenia na zewn\u0105trz, wok\u00f3\u0142 ko\u015bcio\u0142a, na drodze procesyjnej. Ksi\u0105dz odmowi modlitw\u0119 po\u015bwi\u0119cenia i dokona pokropienia. <b style=\"font-family: inherit; font-style: inherit;\">Pami\u0119tajmy o\u00a0zachowaniu odleg\u0142o\u015bci <\/b><span style=\"font-size: 15px;\">(1,5 m i o maskach). Zar\u00f3wno przed jak i\u00a0po po\u015bwi\u0119ceniu nie robimy t\u0142umu w ko\u015bciele przy grobie Pana Jezusa. <\/span><b style=\"font-family: inherit; font-style: inherit;\">Pami\u0119tamy o wytycznych dotycz\u0105cych ilo\u015bci os\u00f3b mog\u0105cych przebywa\u0107 w pomieszczeniu zamkni\u0119tym<\/b><span style=\"font-size: 15px;\">.<\/span><\/li>\n<li>o godz. 19:00 wewn\u0105trz ko\u015bcio\u0142a rozpoczniemy Liturgi\u0119 Wigilii Paschalnej. Nie b\u0119dzie\u00a0 po\u015bwi\u0119cenia ognia na zewn\u0105trz.<\/li>\n<\/ul>\n<\/li>\n<li><b>W niedziel\u0119 <\/b>4 kwietnia &#8211; <b>Niedziela Zmartwychwstania Pa\u0144skiego:<\/b>\n<ul>\n<li>Msze \u015bw. o godz.: 6:00 (bez procesji rezurekcyjnej), 9:00; 10:30, 12:00 i 13:30. Mszy \u015bw. popo\u0142udniowej nie b\u0119dzie,<\/li>\n<li><b style=\"font-family: inherit; font-style: inherit;\">transmisja na facebooku<\/b><i style=\"font-family: inherit; font-weight: inherit;\">: godz. 6:00 i 10:30.<\/i><\/li>\n<\/ul>\n<\/li>\n<li>Od Wielkiego Pi\u0105tku kancelaria parafialna b\u0119dzie nieczynna do wtorku wielkanocnego.<\/li>\n<\/ol>\n<p>&nbsp;<\/p>\n","protected":false},"excerpt":{"rendered":"<p>Przypominamy, \u017ce od dzisiejszej niedzieli w naszym ko\u015bciele b\u0119dzie odprawiana dodatkowa Msza \u015bw. o godz. 13:30. Pozostawienie tej godziny Mszy \u015bw. uzale\u017cnione b\u0119dzie od ilo\u015bci wiernych uczestnicz\u0105cych w liturgii. Niedziel\u0105 Palmow\u0105 czyli Niedziel\u0105 M\u0119ki Pa\u0144skiej rozpoczynamy Wielki Tydzie\u0144. W \u015brod\u0119 ko\u0144czy si\u0119 Wielki Post. Wchodzimy w\u00a0obch\u00f3d Triduum Paschalnego. Wielkanoc dla chrze\u015bcijanina zaczyna si\u0119 Msz\u0105 Wieczerzy <a class=\"read-more\" href=\"https:\/\/parafiazalesie.org\/index.php\/2021\/03\/28\/ogloszenia-niedziela-palmowa-niedziela-meki-panskiej-28-03-2021-r\/\"><\/p>\n<p>Zobacz wi\u0119cej<\/a><\/p>\n","protected":false},"author":1,"featured_media":127,"comment_status":"closed","ping_status":"closed","sticky":false,"template":"","format":"standard","meta":{"ngg_post_thumbnail":0,"footnotes":""},"categories":[3],"tags":[],"class_list":["post-126","post","type-post","status-publish","format-standard","has-post-thumbnail","hentry","category-ogloszenia"],"_links":{"self":[{"href":"https:\/\/parafiazalesie.org\/index.php\/wp-json\/wp\/v2\/posts\/126","targetHints":{"allow":["GET"]}}],"collection":[{"href":"https:\/\/parafiazalesie.org\/index.php\/wp-json\/wp\/v2\/posts"}],"about":[{"href":"https:\/\/parafiazalesie.org\/index.php\/wp-json\/wp\/v2\/types\/post"}],"author":[{"embeddable":true,"href":"https:\/\/parafiazalesie.org\/index.php\/wp-json\/wp\/v2\/users\/1"}],"replies":[{"embeddable":true,"href":"https:\/\/parafiazalesie.org\/index.php\/wp-json\/wp\/v2\/comments?post=126"}],"version-history":[{"count":0,"href":"https:\/\/parafiazalesie.org\/index.php\/wp-json\/wp\/v2\/posts\/126\/revisions"}],"wp:featuredmedia":[{"embeddable":true,"href":"https:\/\/parafiazalesie.org\/index.php\/wp-json\/wp\/v2\/media\/127"}],"wp:attachment":[{"href":"https:\/\/parafiazalesie.org\/index.php\/wp-json\/wp\/v2\/media?parent=126"}],"wp:term":[{"taxonomy":"category","embeddable":true,"href":"https:\/\/parafiazalesie.org\/index.php\/wp-json\/wp\/v2\/categories?post=126"},{"taxonomy":"post_tag","embeddable":true,"href":"https:\/\/parafiazalesie.org\/index.php\/wp-json\/wp\/v2\/tags?post=126"}],"curies":[{"name":"wp","href":"https:\/\/api.w.org\/{rel}","templated":true}]}}