{"id":1259,"date":"2023-12-30T09:54:30","date_gmt":"2023-12-30T08:54:30","guid":{"rendered":"https:\/\/parafiazalesie.org\/?p=1259"},"modified":"2023-12-30T09:54:30","modified_gmt":"2023-12-30T08:54:30","slug":"ogloszenia-niedziela-w-oktawie-narodzenia-panskiego-swieto-swietej-rodziny-jezusa-maryi-i-jozefa-31-12-2023-r","status":"publish","type":"post","link":"https:\/\/parafiazalesie.org\/index.php\/2023\/12\/30\/ogloszenia-niedziela-w-oktawie-narodzenia-panskiego-swieto-swietej-rodziny-jezusa-maryi-i-jozefa-31-12-2023-r\/","title":{"rendered":"OG\u0141OSZENIA Niedziela w Oktawie Narodzenia Pa\u0144skiego \u015awi\u0119to \u015awi\u0119tej Rodziny: Jezusa, Maryi i J\u00f3zefa 31.12.2023 r."},"content":{"rendered":"<ol>\n<li><strong>W poniedzia\u0142ek <\/strong>1 stycznia:\n<ul>\n<li><strong>Uroczysto\u015b\u0107 \u015awi\u0119tej Bo\u017cej Rodzicielki Maryi<\/strong>, pierwszy dzie\u0144 Nowego Roku 2024,<\/li>\n<li>Msze \u015bw. jak w ka\u017cd\u0105 niedziel\u0119. Za od\u015bpiewanie hymnu do Ducha \u015awi\u0119tego \u201eO Stworzycielu, Duchu, przyjd\u017a\u201d mo\u017cna zyska\u0107 odpust zupe\u0142ny pod zwyk\u0142ymi warunkami.<\/li>\n<\/ul>\n<\/li>\n<li><strong>We wtorek<\/strong> 2 stycznia:\n<ul>\n<li>wspomnienie \u015bw. Bazylego i \u015bw. Grzegorza z Nazjanzu, biskup\u00f3w i doktor\u00f3w Ko\u015bcio\u0142a.<\/li>\n<\/ul>\n<\/li>\n<li><strong>W \u015brod\u0119<\/strong> 3 stycznia:\n<ul>\n<li>po Mszy \u015bw. Nowenna do Matki Bo\u017cej Nieustaj\u0105cej Pomocy, Pani Zaleskiej. Zach\u0119camy do sk\u0142adania podzi\u0119kowa\u0144 i pr\u00f3\u015bb pisanych na kartkach,<\/li>\n<li>po Nowennie Adoracja Naj\u015bwi\u0119tszego Sakramentu do godz. 20:00.<\/li>\n<\/ul>\n<\/li>\n<li>W tym tygodniu wypada <strong>pierwszy czwartek, pierwszy pi\u0105tek i pierwsza sobota<\/strong> <strong>miesi\u0105ca<\/strong>.<\/li>\n<li><strong>W pi\u0105tek<\/strong> 5 stycznia<strong>:<\/strong>\n<ul>\n<li>od godz. 17:00 do 18:00 adoracja Naj\u015bwi\u0119tszego Sakramentu.<\/li>\n<\/ul>\n<\/li>\n<li><strong>W sobot\u0119 <\/strong>6 stycznia:\n<ul>\n<li>Uroczysto\u015b\u0107 Objawienia Pa\u0144skiego &#8211; Trzech Kr\u00f3li,<\/li>\n<li>Msze \u015bw. jak w ka\u017cd\u0105 niedziel\u0119. Po\u015bwi\u0119cenie kadzid\u0142a i kredy,<\/li>\n<li>polecajmy Bogu Ksi\u0119\u017cy Biskup\u00f3w Kazimierza i Edwarda w rocznic\u0119 sakry biskupiej.<\/li>\n<\/ul>\n<\/li>\n<li><strong>W niedziel\u0119 <\/strong>7 stycznia:\n<ul>\n<li>R\u00f3\u017caniec poprowadzi R\u00f3\u017ca \u015bw. Jana Paw\u0142a II,<\/li>\n<li>po prymarii zmiana tajemnic r\u00f3\u017ca\u0144cowych.<\/li>\n<\/ul>\n<\/li>\n<\/ol>\n<p>&nbsp;<\/p>\n<p><strong>Kol\u0119da \u2013 odwiedziny mieszka\u0144c\u00f3w od godz. 16:00<\/strong><\/p>\n<ul>\n<li><u>wtorek 2 stycznia:<\/u>\n<ul>\n<li><strong style=\"font-size: 15px;\">\u0106wikli\u0144skiej<\/strong><span style=\"font-size: 15px;\"> (2 ksi\u0119\u017cy) jeden od najwy\u017cszego numeru, drugi od najni\u017cszego numeru, trzeci ksi\u0105dz <\/span><strong style=\"font-size: 15px;\">ul. Herberta<\/strong><span style=\"font-size: 15px;\">.<\/span><\/li>\n<\/ul>\n<\/li>\n<li><u style=\"font-family: inherit; font-style: inherit; font-weight: inherit;\">\u015aroda 3 stycznia:<\/u>\n<ul>\n<li><strong style=\"font-size: 15px;\">\u0106wikli\u0144skiej (blok nr. 3)<\/strong><span style=\"font-size: 15px;\"> dw\u00f3ch ksi\u0119\u017cy, trzeci ksi\u0105dz <\/span><strong style=\"font-size: 15px;\">ul. Dunikowskiego<\/strong><span style=\"font-size: 15px;\"> domy i bloki 5 D i 5 E.<\/span><\/li>\n<\/ul>\n<\/li>\n<li><u style=\"font-family: inherit; font-style: inherit; font-weight: inherit;\">Czwartek 4 stycznia:<\/u>\n<ul>\n<li><strong style=\"font-size: 15px;\">ul.: Stokrotek, Frezji, Niezapominajek.<\/strong><\/li>\n<\/ul>\n<\/li>\n<li><u style=\"font-family: inherit; font-style: inherit; font-weight: inherit;\">Pi\u0105tek 5 stycznia:<\/u>\n<ul>\n<li><strong style=\"font-size: 15px;\">S\u0142onecznikowa<\/strong><span style=\"font-size: 15px;\"> (2 ksi\u0119\u017cy) jeden od najni\u017cszego numeru, drugi od najwy\u017cszego numeru, trzeci ksi\u0105dz <\/span><strong style=\"font-size: 15px;\">ul. Be\u0142zy.<\/strong><\/li>\n<\/ul>\n<\/li>\n<\/ul>\n","protected":false},"excerpt":{"rendered":"<p>W poniedzia\u0142ek 1 stycznia: Uroczysto\u015b\u0107 \u015awi\u0119tej Bo\u017cej Rodzicielki Maryi, pierwszy dzie\u0144 Nowego Roku 2024, Msze \u015bw. jak w ka\u017cd\u0105 niedziel\u0119. Za od\u015bpiewanie hymnu do Ducha \u015awi\u0119tego \u201eO Stworzycielu, Duchu, przyjd\u017a\u201d mo\u017cna zyska\u0107 odpust zupe\u0142ny pod zwyk\u0142ymi warunkami. We wtorek 2 stycznia: wspomnienie \u015bw. Bazylego i \u015bw. Grzegorza z Nazjanzu, biskup\u00f3w i doktor\u00f3w Ko\u015bcio\u0142a. W \u015brod\u0119 <a class=\"read-more\" href=\"https:\/\/parafiazalesie.org\/index.php\/2023\/12\/30\/ogloszenia-niedziela-w-oktawie-narodzenia-panskiego-swieto-swietej-rodziny-jezusa-maryi-i-jozefa-31-12-2023-r\/\"><\/p>\n<p>Zobacz wi\u0119cej<\/a><\/p>\n","protected":false},"author":1,"featured_media":1260,"comment_status":"closed","ping_status":"closed","sticky":false,"template":"","format":"standard","meta":{"ngg_post_thumbnail":0,"footnotes":""},"categories":[3],"tags":[],"class_list":["post-1259","post","type-post","status-publish","format-standard","has-post-thumbnail","hentry","category-ogloszenia"],"_links":{"self":[{"href":"https:\/\/parafiazalesie.org\/index.php\/wp-json\/wp\/v2\/posts\/1259","targetHints":{"allow":["GET"]}}],"collection":[{"href":"https:\/\/parafiazalesie.org\/index.php\/wp-json\/wp\/v2\/posts"}],"about":[{"href":"https:\/\/parafiazalesie.org\/index.php\/wp-json\/wp\/v2\/types\/post"}],"author":[{"embeddable":true,"href":"https:\/\/parafiazalesie.org\/index.php\/wp-json\/wp\/v2\/users\/1"}],"replies":[{"embeddable":true,"href":"https:\/\/parafiazalesie.org\/index.php\/wp-json\/wp\/v2\/comments?post=1259"}],"version-history":[{"count":0,"href":"https:\/\/parafiazalesie.org\/index.php\/wp-json\/wp\/v2\/posts\/1259\/revisions"}],"wp:featuredmedia":[{"embeddable":true,"href":"https:\/\/parafiazalesie.org\/index.php\/wp-json\/wp\/v2\/media\/1260"}],"wp:attachment":[{"href":"https:\/\/parafiazalesie.org\/index.php\/wp-json\/wp\/v2\/media?parent=1259"}],"wp:term":[{"taxonomy":"category","embeddable":true,"href":"https:\/\/parafiazalesie.org\/index.php\/wp-json\/wp\/v2\/categories?post=1259"},{"taxonomy":"post_tag","embeddable":true,"href":"https:\/\/parafiazalesie.org\/index.php\/wp-json\/wp\/v2\/tags?post=1259"}],"curies":[{"name":"wp","href":"https:\/\/api.w.org\/{rel}","templated":true}]}}