{"id":1174,"date":"2023-09-13T07:45:07","date_gmt":"2023-09-13T05:45:07","guid":{"rendered":"https:\/\/parafiazalesie.org\/?p=1174"},"modified":"2023-09-13T07:45:07","modified_gmt":"2023-09-13T05:45:07","slug":"intencje-parafialne-18-24-09-2023-r","status":"publish","type":"post","link":"https:\/\/parafiazalesie.org\/index.php\/2023\/09\/13\/intencje-parafialne-18-24-09-2023-r\/","title":{"rendered":"Intencje parafialne  18-24.09.2023 r."},"content":{"rendered":"<table width=\"718\">\n<tbody>\n<tr>\n<td colspan=\"3\" width=\"718\">\n<p style=\"text-align: center;\"><strong>Intencje parafialne\u00a0 <\/strong><strong>18-24.09.2023 r.<\/strong><\/p>\n<\/td>\n<\/tr>\n<tr>\n<td rowspan=\"2\" width=\"101\">\n<p><strong>18.09.2023 r.<\/strong><\/p>\n<p><strong>poniedzia\u0142ek<\/strong><\/p>\n<\/td>\n<td width=\"57\">\n<p><strong>7:00<\/strong><\/p>\n<\/td>\n<td width=\"560\">\n<p>\u00b7\u00a0\u00a0\u00a0\u00a0\u00a0\u00a0\u00a0\u00a0 <strong>+ Zbigniew Rak <\/strong>od bratowej Heleny z rodzin\u0105<br \/>\n\u00b7\u00a0\u00a0\u00a0\u00a0\u00a0\u00a0\u00a0\u00a0 <strong>+ Czes\u0142aw Grzebyk <\/strong>od Marty z rodzin\u0105<br \/>\n\u00b7\u00a0\u00a0\u00a0\u00a0\u00a0\u00a0\u00a0\u00a0 <strong>+ Stefan Bodzis\u0142aw <\/strong>od swat\u00f3w z Lubeni<\/p>\n<\/td>\n<\/tr>\n<tr>\n<td width=\"57\">\n<p><strong>18:00<\/strong><\/p>\n<\/td>\n<td width=\"560\">\n<p>\u00b7\u00a0\u00a0\u00a0\u00a0\u00a0\u00a0\u00a0\u00a0 <strong>+ Andrzej Krawczyk<\/strong> (18 gr)<br \/>\n\u00b7\u00a0\u00a0\u00a0\u00a0\u00a0\u00a0\u00a0\u00a0 Dzi\u0119kczynna w 25 rocznic\u0119 \u015blubu <strong>Doroty i Paw\u0142a<\/strong> z pro\u015bb\u0105 o Bo\u017ce b\u0142. I opiek\u0119 Matki Bo\u017cej<\/p>\n<\/td>\n<\/tr>\n<tr>\n<td rowspan=\"2\" width=\"101\">\n<p><strong>19.09.2023 r.<\/strong><\/p>\n<p><strong>wtorek<\/strong><\/p>\n<\/td>\n<td width=\"57\">\n<p><strong>7:00<\/strong><\/p>\n<\/td>\n<td width=\"560\">\n<p>\u00b7\u00a0\u00a0\u00a0\u00a0\u00a0\u00a0\u00a0\u00a0 <strong>+ Czes\u0142\u0105w Grzebyk <\/strong>od wnuka z rodzin\u0105<br \/>\n\u00b7\u00a0\u00a0\u00a0\u00a0\u00a0\u00a0\u00a0\u00a0 <strong>+ Stefan Bodzis\u0142aw<\/strong> od swat\u00f3w z Lubeni<br \/>\n\u00b7\u00a0\u00a0\u00a0\u00a0\u00a0\u00a0\u00a0\u00a0 W intencji Bogu wiadomej<\/p>\n<\/td>\n<\/tr>\n<tr>\n<td width=\"57\">\n<p><strong>18:00<\/strong><\/p>\n<\/td>\n<td width=\"560\">\n<p>\u00b7\u00a0\u00a0\u00a0\u00a0\u00a0\u00a0\u00a0\u00a0 <strong>+ Zbigniew Rak <\/strong>od siostry Krystyny z rodzin\u0105<br \/>\n\u00b7\u00a0\u00a0\u00a0\u00a0\u00a0\u00a0\u00a0\u00a0 <strong>+ Andrzej Krawczyk<\/strong> (19 gr)<strong>\u00a0<\/strong><\/p>\n<\/td>\n<\/tr>\n<tr>\n<td rowspan=\"2\" width=\"101\">\n<p><strong>20.09.2023 r.<\/strong><\/p>\n<p><strong>\u015broda<\/strong><\/p>\n<\/td>\n<td width=\"57\">\n<p><strong>7:00<\/strong><\/p>\n<\/td>\n<td width=\"560\">\n<p>\u00b7\u00a0\u00a0\u00a0\u00a0\u00a0\u00a0\u00a0\u00a0 <strong>+ Zbigniew Rak <\/strong>od c\u00f3rki El\u017cbiety z rodzin\u0105<br \/>\n\u00b7\u00a0\u00a0\u00a0\u00a0\u00a0\u00a0\u00a0\u00a0 + <strong>Stefan Bodzis\u0142aw<\/strong> od Anety i Romana Jakubskich z rodzin\u0105<br \/>\n\u00b7\u00a0\u00a0\u00a0\u00a0\u00a0\u00a0\u00a0\u00a0 + <strong>Za dusze w czy\u015b\u0107cu<\/strong><\/p>\n<\/td>\n<\/tr>\n<tr>\n<td width=\"57\">\n<p><strong>18:00<\/strong><\/p>\n<\/td>\n<td width=\"560\">\n<p>\u00b7\u00a0\u00a0\u00a0\u00a0\u00a0\u00a0\u00a0\u00a0 <strong>+ Andrzej Krawczyk<\/strong> (20 gr)<br \/>\n\u00b7\u00a0\u00a0\u00a0\u00a0\u00a0\u00a0\u00a0\u00a0 <strong>+ Czes\u0142aw Grzebyk <\/strong>od c\u00f3rki Ewy z rodzin\u0105<\/p>\n<\/td>\n<\/tr>\n<tr>\n<td rowspan=\"2\" width=\"101\">\n<p><strong>21.09.2023 r.<\/strong><\/p>\n<p><strong>czwartek<\/strong><\/p>\n<\/td>\n<td width=\"57\">\n<p><strong>7:00<\/strong><\/p>\n<\/td>\n<td width=\"560\">\n<p>\u00b7\u00a0\u00a0\u00a0\u00a0\u00a0\u00a0\u00a0\u00a0 <strong>+ Zbigniew Rak <\/strong>od siostry Hanusiak z rodzin\u0105<br \/>\n\u00b7\u00a0\u00a0\u00a0\u00a0\u00a0\u00a0\u00a0\u00a0 + <strong>Stefan Bodzis\u0142aw<\/strong>\u00a0 od Katarzyny i Krzysztofa Kopek z rodzin\u0105<br \/>\n\u00b7\u00a0\u00a0\u00a0\u00a0\u00a0\u00a0\u00a0\u00a0 <strong>+ Czes\u0142aw Grzebyk <\/strong>od syna Janusza z rodzin\u0105<\/p>\n<\/td>\n<\/tr>\n<tr>\n<td width=\"57\">\n<p><strong>18:00<\/strong><\/p>\n<\/td>\n<td width=\"560\">\n<p>\u00b7\u00a0\u00a0\u00a0\u00a0\u00a0\u00a0\u00a0\u00a0 <strong>+ Andrzej Krawczyk<\/strong> (21 gr)<br \/>\n\u00b7\u00a0\u00a0\u00a0\u00a0\u00a0\u00a0\u00a0\u00a0 <strong>++ Maria i Stanis\u0142aw Baj <\/strong>od cioci Anieli Puyda (czyt. Puda)<\/p>\n<\/td>\n<\/tr>\n<tr>\n<td rowspan=\"2\" width=\"101\">\n<p><strong>22.09.2023 r.<\/strong><\/p>\n<p><strong>pi\u0105tek <\/strong><\/p>\n<\/td>\n<td width=\"57\">\n<p><strong>7:00<\/strong><\/p>\n<\/td>\n<td width=\"560\">\n<p>\u00b7\u00a0\u00a0\u00a0\u00a0\u00a0\u00a0\u00a0\u00a0 <strong>+ Zbigniew Rak <\/strong>od c\u00f3rki Danuty z dzie\u0107mi<br \/>\n\u00b7\u00a0\u00a0\u00a0\u00a0\u00a0\u00a0\u00a0\u00a0 <strong>+ Czes\u0142aw Grzebyk <\/strong>od rodziny Baranik\u00f3w<br \/>\n\u00b7\u00a0\u00a0\u00a0\u00a0\u00a0\u00a0\u00a0\u00a0 <strong>+ Stefan Bodzis\u0142aw <\/strong>od Anny i Eugeniusza Malak<\/p>\n<\/td>\n<\/tr>\n<tr>\n<td width=\"57\">\n<p><strong>18.00<\/strong><\/p>\n<\/td>\n<td width=\"560\">\n<p>\u00b7\u00a0\u00a0\u00a0\u00a0\u00a0\u00a0\u00a0\u00a0 <strong>+ Ks. Stanis\u0142aw<\/strong> <strong>P\u0142aza<\/strong> (8 rocznic\u0119 pogrzebu)<br \/>\n\u00b7\u00a0\u00a0\u00a0\u00a0\u00a0\u00a0\u00a0\u00a0 <strong>+ Andrzej Krawczyk<\/strong> (22 gr)<strong>\u00a0<\/strong><\/p>\n<\/td>\n<\/tr>\n<tr>\n<td rowspan=\"2\" width=\"101\">\n<p><strong>23.09.2023 r.<\/strong><\/p>\n<p><strong>sobota<\/strong><\/p>\n<\/td>\n<td width=\"57\">\n<p><strong>7:00<\/strong><\/p>\n<\/td>\n<td width=\"560\">\n<p>\u00b7\u00a0\u00a0\u00a0\u00a0\u00a0\u00a0\u00a0\u00a0 <strong>+ Czes\u0142aw Grzebyk <\/strong>od rodziny P\u0142ocic\u00f3w<br \/>\n\u00b7\u00a0\u00a0\u00a0\u00a0\u00a0\u00a0\u00a0\u00a0 <strong>+ Stefan Bodzis\u0142aw <\/strong>od Paw\u0142a Malaka z rodzin\u0105<br \/>\n\u00b7\u00a0\u00a0\u00a0\u00a0\u00a0\u00a0\u00a0\u00a0 Dzi\u0119kczynna w rocznic\u0119 ma\u0142\u017ce\u0144stwa<strong> Jadwigi i Stanis\u0142awa<\/strong> z pro\u015bb\u0105 o Bo\u017ce b\u0142ogos\u0142awie\u0144stwo i opiek\u0119 Matki Bo\u017cej<\/p>\n<\/td>\n<\/tr>\n<tr>\n<td width=\"57\">\n<p><strong>18.00<\/strong><\/p>\n<\/td>\n<td width=\"560\">\n<p>\u00b7\u00a0\u00a0\u00a0\u00a0\u00a0\u00a0\u00a0\u00a0 <strong>+ Andrzej Krawczyk<\/strong> (23 gr)<br \/>\n\u00b7\u00a0\u00a0\u00a0\u00a0\u00a0\u00a0\u00a0\u00a0 O Bo\u017ce b\u0142ogos\u0142awie\u0144stwo i opiek\u0119 Matki Bo\u017cej Bolesnej Zaleskiej dla Siostry R\u00f3\u017ca\u0144cowej <strong>Tekli<\/strong> z okazji urodzin i imienin<\/p>\n<\/td>\n<\/tr>\n<tr>\n<td rowspan=\"5\" width=\"101\">\n<p><strong>24.09.2023 r.<\/strong><\/p>\n<p><strong>niedziela<\/strong><\/p>\n<\/td>\n<td width=\"57\">\n<p><strong>7:00<\/strong><\/p>\n<\/td>\n<td width=\"560\">\n<p>\u00b7\u00a0\u00a0\u00a0\u00a0\u00a0\u00a0\u00a0\u00a0 <strong>+ Janina Chmiel<\/strong> (22 R\u015a)<br \/>\n\u00b7\u00a0\u00a0\u00a0\u00a0\u00a0\u00a0\u00a0\u00a0 <strong>Za parafian<\/strong><\/p>\n<\/td>\n<\/tr>\n<tr>\n<td width=\"57\">\n<p><strong>9:00<\/strong><\/p>\n<\/td>\n<td width=\"560\">\n<p>\u00b7\u00a0\u00a0\u00a0\u00a0\u00a0\u00a0\u00a0\u00a0 O zdrowie i Bo\u017ce b\u0142ogos\u0142awie\u0144stwo dla<strong> rodzin z ul Robotniczej <\/strong>kt\u00f3rzy przygotowali o\u0142tarz na Bo\u017ce Cia\u0142o<\/p>\n<\/td>\n<\/tr>\n<tr>\n<td width=\"57\">\n<p><strong>10:30<\/strong><\/p>\n<\/td>\n<td width=\"560\">\n<p>\u00b7\u00a0\u00a0\u00a0\u00a0\u00a0\u00a0\u00a0\u00a0 <strong>+ Andrzej Krawczyk <\/strong>(24 gr)<\/p>\n<\/td>\n<\/tr>\n<tr>\n<td width=\"57\">\n<p><strong>12:00<\/strong><\/p>\n<\/td>\n<td width=\"560\">\n<p>\u00b7\u00a0\u00a0\u00a0\u00a0\u00a0\u00a0\u00a0\u00a0 <strong>+ Julian <\/strong>(3 R\u015a)<\/p>\n<\/td>\n<\/tr>\n<tr>\n<td width=\"57\">\n<p><strong>17:00<\/strong><\/p>\n<\/td>\n<td width=\"560\">\n<p>\u00b7\u00a0\u00a0\u00a0\u00a0\u00a0\u00a0\u00a0\u00a0 <strong>+ Adam Rybka<\/strong> (R\u015a)<\/p>\n<\/td>\n<\/tr>\n<\/tbody>\n<\/table>\n","protected":false},"excerpt":{"rendered":"<p>Intencje parafialne\u00a0 18-24.09.2023 r. 18.09.2023 r. poniedzia\u0142ek 7:00 \u00b7\u00a0\u00a0\u00a0\u00a0\u00a0\u00a0\u00a0\u00a0 + Zbigniew Rak od bratowej Heleny z rodzin\u0105 \u00b7\u00a0\u00a0\u00a0\u00a0\u00a0\u00a0\u00a0\u00a0 + Czes\u0142aw Grzebyk od Marty z rodzin\u0105 \u00b7\u00a0\u00a0\u00a0\u00a0\u00a0\u00a0\u00a0\u00a0 + Stefan Bodzis\u0142aw od swat\u00f3w z Lubeni 18:00 \u00b7\u00a0\u00a0\u00a0\u00a0\u00a0\u00a0\u00a0\u00a0 + Andrzej Krawczyk (18 gr) \u00b7\u00a0\u00a0\u00a0\u00a0\u00a0\u00a0\u00a0\u00a0 Dzi\u0119kczynna w 25 rocznic\u0119 \u015blubu Doroty i Paw\u0142a z pro\u015bb\u0105 o Bo\u017ce b\u0142. I <a class=\"read-more\" href=\"https:\/\/parafiazalesie.org\/index.php\/2023\/09\/13\/intencje-parafialne-18-24-09-2023-r\/\"><\/p>\n<p>Zobacz wi\u0119cej<\/a><\/p>\n","protected":false},"author":1,"featured_media":111,"comment_status":"closed","ping_status":"closed","sticky":false,"template":"","format":"standard","meta":{"ngg_post_thumbnail":0,"footnotes":""},"categories":[5],"tags":[],"class_list":["post-1174","post","type-post","status-publish","format-standard","has-post-thumbnail","hentry","category-intencje"],"_links":{"self":[{"href":"https:\/\/parafiazalesie.org\/index.php\/wp-json\/wp\/v2\/posts\/1174","targetHints":{"allow":["GET"]}}],"collection":[{"href":"https:\/\/parafiazalesie.org\/index.php\/wp-json\/wp\/v2\/posts"}],"about":[{"href":"https:\/\/parafiazalesie.org\/index.php\/wp-json\/wp\/v2\/types\/post"}],"author":[{"embeddable":true,"href":"https:\/\/parafiazalesie.org\/index.php\/wp-json\/wp\/v2\/users\/1"}],"replies":[{"embeddable":true,"href":"https:\/\/parafiazalesie.org\/index.php\/wp-json\/wp\/v2\/comments?post=1174"}],"version-history":[{"count":0,"href":"https:\/\/parafiazalesie.org\/index.php\/wp-json\/wp\/v2\/posts\/1174\/revisions"}],"wp:featuredmedia":[{"embeddable":true,"href":"https:\/\/parafiazalesie.org\/index.php\/wp-json\/wp\/v2\/media\/111"}],"wp:attachment":[{"href":"https:\/\/parafiazalesie.org\/index.php\/wp-json\/wp\/v2\/media?parent=1174"}],"wp:term":[{"taxonomy":"category","embeddable":true,"href":"https:\/\/parafiazalesie.org\/index.php\/wp-json\/wp\/v2\/categories?post=1174"},{"taxonomy":"post_tag","embeddable":true,"href":"https:\/\/parafiazalesie.org\/index.php\/wp-json\/wp\/v2\/tags?post=1174"}],"curies":[{"name":"wp","href":"https:\/\/api.w.org\/{rel}","templated":true}]}}