{"id":1145,"date":"2023-06-13T18:34:53","date_gmt":"2023-06-13T16:34:53","guid":{"rendered":"https:\/\/parafiazalesie.org\/?p=1145"},"modified":"2023-06-13T18:34:53","modified_gmt":"2023-06-13T16:34:53","slug":"intencje-mszalne-19-25-06-2023r","status":"publish","type":"post","link":"https:\/\/parafiazalesie.org\/index.php\/2023\/06\/13\/intencje-mszalne-19-25-06-2023r\/","title":{"rendered":"INTENCJE MSZALNE 19 \u2013 25.06.2023r."},"content":{"rendered":"<table style=\"width: 100%;\" width=\"930\">\n<tbody>\n<tr>\n<td style=\"width: 14.4578%;\" rowspan=\"2\" width=\"135\">\n<p>19.06.2023r.<\/p>\n<p>Poniedzia\u0142ek<\/p>\n<\/td>\n<td style=\"width: 6.4257%;\" width=\"60\">\n<p>7.00<\/p>\n<\/td>\n<td style=\"width: 78.9157%;\" width=\"735\">\n<p>1. + Agnieszka Kuna \u2013 z int. rodziny Kuczmarz<br \/>\n2. + J\u00f3zef Pa\u0142ka \u2013 z int. c\u00f3rki Agnieszki z Rodzin\u0105<br \/>\n3. + J\u00f3zef Jarz\u0119bowski \u2013 z int. Akcji Katolickiej w Zalesiu<br \/>\n4. ++ rodzice Ludwika i Stanis\u0142aw Sobkowicz<\/p>\n<\/td>\n<\/tr>\n<tr>\n<td style=\"width: 6.4257%;\" width=\"60\">\n<p>18.00<\/p>\n<\/td>\n<td style=\"width: 78.9157%;\" width=\"735\">\n<p>1. + Piotr K\u0119dzior gr.19<br \/>\n2. + Alicja<\/p>\n<\/td>\n<\/tr>\n<tr>\n<td style=\"width: 14.4578%;\" rowspan=\"2\" width=\"135\">\n<p>20.06.2023r.<\/p>\n<p>Wtorek<\/p>\n<\/td>\n<td style=\"width: 6.4257%;\" width=\"60\">\n<p>7.00<\/p>\n<\/td>\n<td style=\"width: 78.9157%;\" width=\"735\">\n<p>1. + Agnieszka Kuna \u2013 z int. rodziny Augustyn\u00f3w<br \/>\n2. + J\u00f3zef Pa\u0142ka \u2013 z int. syna Ma\u0107ka z Rodzin\u0105<br \/>\n3. + J\u00f3zef Jarz\u0119bowski \u2013 z int. Akcji Katolickiej w Zalesiu<br \/>\n4. + Jan \u2013 z int. El\u017cbiety Gruca z Rodzin\u0105<\/p>\n<\/td>\n<\/tr>\n<tr>\n<td style=\"width: 6.4257%;\" width=\"60\">\n<p>18.00<\/p>\n<\/td>\n<td style=\"width: 78.9157%;\" width=\"735\">\n<p>1. + Piotr K\u0119dzior gr.20<br \/>\n2. ++ Janina i J\u00f3zef \u0141abno w rocznic\u0119 \u015bmierci<br \/>\n<em>3.<\/em> <em>+ Zygmunt Z\u0142amaniec (poza parafi\u0105)<\/em><\/p>\n<\/td>\n<\/tr>\n<tr>\n<td style=\"width: 14.4578%;\" rowspan=\"2\" width=\"135\">\n<p>21.06.2023r.<\/p>\n<p>\u015aroda<\/p>\n<\/td>\n<td style=\"width: 6.4257%;\" width=\"60\">\n<p>7.00<\/p>\n<\/td>\n<td style=\"width: 78.9157%;\" width=\"735\">\n<p>1. Dzi\u0119kczynno \u2013 b\u0142agalna z pro\u015bb\u0105 o Bo\u017ce b\u0142ogos\u0142awie\u0144stwo i opiek\u0119 Matki Bo\u017cej dla Jadwigi<br \/>\n2. + Agnieszka Kuna \u2013 z int. Agnieszki, Piotra i Jana Gajewskich<br \/>\n3. + J\u00f3zef Pa\u0142ka \u2013 z int. Anny i Andrzeja Czyrek<br \/>\n4. + J\u00f3zef Jarz\u0119bowski \u2013 z int. Aliny i Grzegorza<\/p>\n<\/td>\n<\/tr>\n<tr>\n<td style=\"width: 6.4257%;\" width=\"60\">\n<p>18.00<\/p>\n<\/td>\n<td style=\"width: 78.9157%;\" width=\"735\">\n<p>1. + Piotr K\u0119dzior gr.21<br \/>\n2. + Alicja\u00a0<\/p>\n<\/td>\n<\/tr>\n<tr>\n<td style=\"width: 14.4578%;\" rowspan=\"3\" width=\"135\">\n<p>22.06.2023r.<\/p>\n<p>Czwartek<\/p>\n<\/td>\n<td style=\"width: 6.4257%;\" width=\"60\">\n<p>7.00<\/p>\n<\/td>\n<td style=\"width: 78.9157%;\" width=\"735\">\n<p>1. + Agnieszka Kuna \u2013 z int. Hani i rodziny P\u0142onk\u00f3w<br \/>\n2. + Tadeusz Parkitny \u2013 z int. Artura z Rodzin\u0105<br \/>\n3. + J\u00f3zef Jarz\u0119bowski \u2013 z int. Aliny i Grzegorza<br \/>\n4. + Artur w dniu urodzin<\/p>\n<\/td>\n<\/tr>\n<tr>\n<td style=\"width: 6.4257%;\" width=\"60\">\n<p>12.00<\/p>\n<\/td>\n<td style=\"width: 78.9157%;\" width=\"735\">\n<p>Zako\u0144czenie Roku Szkolnego Soli Radius<\/p>\n<\/td>\n<\/tr>\n<tr>\n<td style=\"width: 6.4257%;\" width=\"60\">\n<p>18.00<\/p>\n<\/td>\n<td style=\"width: 78.9157%;\" width=\"735\">\n<p>1. + Piotr K\u0119dzior gr.22<br \/>\n2. + Wojciech Kmiotek w 6r. \u015bmierci \u2013 z int. \u017cony z dzie\u0107mi<\/p>\n<\/td>\n<\/tr>\n<tr>\n<td style=\"width: 14.4578%;\" rowspan=\"3\" width=\"135\">\n<p>23.06.2023r.<\/p>\n<p>Pi\u0105tek<\/p>\n<\/td>\n<td style=\"width: 6.4257%;\" width=\"60\">\n<p>7.00<\/p>\n<\/td>\n<td style=\"width: 78.9157%;\" width=\"735\">\n<p>1. + Agnieszka Kuna \u2013 z int. Doroty i Paw\u0142a P\u0142onki z Rodzin\u0105<br \/>\n2. + J\u00f3zef Pa\u0142ka \u2013 z int. rodziny Skib\u00f3w<br \/>\n3. + J\u00f3zef Jarz\u0119bowski \u2013 z int. Danuty Kmiotek z Rodzin\u0105<\/p>\n<\/td>\n<\/tr>\n<tr>\n<td style=\"width: 6.4257%;\" width=\"60\">\n<p>8.00<\/p>\n<\/td>\n<td style=\"width: 78.9157%;\" width=\"735\">\n<p>+ Anna Pi\u0105tek w 5r. \u015bmierci (nauczycielka SP 24 w Rzeszowie)<\/p>\n<\/td>\n<\/tr>\n<tr>\n<td style=\"width: 6.4257%;\" width=\"60\">\n<p>18.00<\/p>\n<\/td>\n<td style=\"width: 78.9157%;\" width=\"735\">\n<p>1. + Piotr K\u0119dzior gr.23<br \/>\n2. ++ W\u0142adys\u0142aw i Franciszek<\/p>\n<\/td>\n<\/tr>\n<tr>\n<td style=\"width: 14.4578%;\" rowspan=\"2\" width=\"135\">\n<p>24.06.2023r.<\/p>\n<p>Sobota<\/p>\n<\/td>\n<td style=\"width: 6.4257%;\" width=\"60\">\n<p>7.00<\/p>\n<\/td>\n<td style=\"width: 78.9157%;\" width=\"735\">\n<p>1. + Agnieszka Kuna \u2013 z int. te\u015bci\u00f3w<br \/>\n2. + J\u00f3zef Jarz\u0119bowski \u2013 z int. Stanis\u0142awa Gr\u0119dysy<br \/>\n3. + Janina Chmiel<br \/>\n4. + Janina<\/p>\n<\/td>\n<\/tr>\n<tr>\n<td style=\"width: 6.4257%;\" width=\"60\">\n<p>18.00<\/p>\n<\/td>\n<td style=\"width: 78.9157%;\" width=\"735\">\n<p>1. + Piotr K\u0119dzior gr.24<br \/>\n2. ++ Stefan, Helena, Maria<\/p>\n<\/td>\n<\/tr>\n<tr>\n<td style=\"width: 14.4578%;\" rowspan=\"5\" width=\"135\">\n<p>25.06.2023r.<\/p>\n<p>Niedziela<\/p>\n<\/td>\n<td style=\"width: 6.4257%;\" width=\"60\">\n<p>7.00<\/p>\n<\/td>\n<td style=\"width: 78.9157%;\" width=\"735\">\n<p>+ Jan Stec w 8r. \u015bmierci<\/p>\n<\/td>\n<\/tr>\n<tr>\n<td style=\"width: 6.4257%;\" width=\"60\">\n<p>9.00<\/p>\n<\/td>\n<td style=\"width: 78.9157%;\" width=\"735\">\n<p>Za Parafian<\/p>\n<\/td>\n<\/tr>\n<tr>\n<td style=\"width: 6.4257%;\" width=\"60\">\n<p>10.30<\/p>\n<\/td>\n<td style=\"width: 78.9157%;\" width=\"735\">\n<p>1. + Piotr K\u0119dzior gr.25<br \/>\n<em>2.<\/em> <em>+ Zygmunt Z\u0142amaniec (poza parafi\u0105)<\/em><\/p>\n<\/td>\n<\/tr>\n<tr>\n<td style=\"width: 6.4257%;\" width=\"60\">\n<p>12.00<\/p>\n<\/td>\n<td style=\"width: 78.9157%;\" width=\"735\">\n<p>Dzi\u0119kczynna w 80r. urodzin i w 60r. \u015blubu Cecylii i Edwarda<\/p>\n<\/td>\n<\/tr>\n<tr>\n<td style=\"width: 6.4257%;\" width=\"60\">\n<p>17.00<\/p>\n<\/td>\n<td style=\"width: 78.9157%;\" width=\"735\">\n<p>+ Henryk Bara\u0144ski<\/p>\n<\/td>\n<\/tr>\n<\/tbody>\n<\/table>\n<p>&nbsp;<\/p>\n","protected":false},"excerpt":{"rendered":"<p>19.06.2023r. Poniedzia\u0142ek 7.00 1. + Agnieszka Kuna \u2013 z int. rodziny Kuczmarz 2. + J\u00f3zef Pa\u0142ka \u2013 z int. c\u00f3rki Agnieszki z Rodzin\u0105 3. + J\u00f3zef Jarz\u0119bowski \u2013 z int. Akcji Katolickiej w Zalesiu 4. ++ rodzice Ludwika i Stanis\u0142aw Sobkowicz 18.00 1. + Piotr K\u0119dzior gr.19 2. + Alicja 20.06.2023r. Wtorek 7.00 1. + <a class=\"read-more\" href=\"https:\/\/parafiazalesie.org\/index.php\/2023\/06\/13\/intencje-mszalne-19-25-06-2023r\/\"><\/p>\n<p>Zobacz wi\u0119cej<\/a><\/p>\n","protected":false},"author":1,"featured_media":111,"comment_status":"closed","ping_status":"closed","sticky":false,"template":"","format":"standard","meta":{"ngg_post_thumbnail":0,"footnotes":""},"categories":[5],"tags":[],"class_list":["post-1145","post","type-post","status-publish","format-standard","has-post-thumbnail","hentry","category-intencje"],"_links":{"self":[{"href":"https:\/\/parafiazalesie.org\/index.php\/wp-json\/wp\/v2\/posts\/1145","targetHints":{"allow":["GET"]}}],"collection":[{"href":"https:\/\/parafiazalesie.org\/index.php\/wp-json\/wp\/v2\/posts"}],"about":[{"href":"https:\/\/parafiazalesie.org\/index.php\/wp-json\/wp\/v2\/types\/post"}],"author":[{"embeddable":true,"href":"https:\/\/parafiazalesie.org\/index.php\/wp-json\/wp\/v2\/users\/1"}],"replies":[{"embeddable":true,"href":"https:\/\/parafiazalesie.org\/index.php\/wp-json\/wp\/v2\/comments?post=1145"}],"version-history":[{"count":0,"href":"https:\/\/parafiazalesie.org\/index.php\/wp-json\/wp\/v2\/posts\/1145\/revisions"}],"wp:featuredmedia":[{"embeddable":true,"href":"https:\/\/parafiazalesie.org\/index.php\/wp-json\/wp\/v2\/media\/111"}],"wp:attachment":[{"href":"https:\/\/parafiazalesie.org\/index.php\/wp-json\/wp\/v2\/media?parent=1145"}],"wp:term":[{"taxonomy":"category","embeddable":true,"href":"https:\/\/parafiazalesie.org\/index.php\/wp-json\/wp\/v2\/categories?post=1145"},{"taxonomy":"post_tag","embeddable":true,"href":"https:\/\/parafiazalesie.org\/index.php\/wp-json\/wp\/v2\/tags?post=1145"}],"curies":[{"name":"wp","href":"https:\/\/api.w.org\/{rel}","templated":true}]}}