{"id":1133,"date":"2023-05-25T07:53:13","date_gmt":"2023-05-25T05:53:13","guid":{"rendered":"https:\/\/parafiazalesie.org\/?p=1133"},"modified":"2023-05-25T07:53:13","modified_gmt":"2023-05-25T05:53:13","slug":"ogloszenia-uroczystosc-zeslania-ducha-swietego-28-05-2023-r","status":"publish","type":"post","link":"https:\/\/parafiazalesie.org\/index.php\/2023\/05\/25\/ogloszenia-uroczystosc-zeslania-ducha-swietego-28-05-2023-r\/","title":{"rendered":"OG\u0141OSZENIA  Uroczysto\u015b\u0107 Zes\u0142ania Ducha \u015awi\u0119tego 28.05.2023 r."},"content":{"rendered":"<ol>\n<li><span style=\"font-size: 15px;\">Uroczysto\u015bci\u0105 Zes\u0142ania Ducha \u015awi\u0119tego ko\u0144czy si\u0119 Okres Wielkanocny. W liturgii kontynuujemy okres zwyk\u0142y.<\/span><\/li>\n<li><strong>W poniedzia\u0142ek<\/strong> 29 maja:\n<ul>\n<li>\u015awi\u0119to Naj\u015bwi\u0119tszej Maryi Panny, Matki Ko\u015bcio\u0142a,<\/li>\n<li>Msze \u015bw. w naszej parafii; 7:00; 9:00 i 18:00.<\/li>\n<\/ul>\n<\/li>\n<li><strong>W \u015brod\u0119<\/strong> 31 maja:\n<ul>\n<li>\u015awi\u0119to Nawiedzenia Naj\u015bwi\u0119tszej Maryi Panny,<\/li>\n<li>zako\u0144czenie nabo\u017ce\u0144stw majowych,<\/li>\n<li>po Mszy \u015bw. Nowenna do Matki Bo\u017cej Nieustaj\u0105cej Pomocy, Pani Zaleskiej,<\/li>\n<li>po Nowennie adoracja Naj\u015bwi\u0119tszego Sakramentu do godz. 20:00.<\/li>\n<\/ul>\n<\/li>\n<li>W tym tygodniu wypada <strong>pierwszy czwartek, pierwszy pi\u0105tek i pierwsza sobota miesi\u0105ca<\/strong>.<\/li>\n<li><strong>W czwartek<\/strong> 1 czerwca:\n<ul>\n<li>\u015awi\u0119to Jezusa Chrystusa Najwy\u017cszego i Wiecznego Kap\u0142ana.<\/li>\n<\/ul>\n<\/li>\n<li>Marcin odwiedzi chorych <strong>w pi\u0105tek od godz. 9:00<\/strong>, a ks. Proboszcz <strong>w sobot\u0119 od godz. 9:00.<\/strong><\/li>\n<li><strong>W <\/strong><strong>pi\u0105tek<\/strong> 2 czerwca:\n<ul>\n<li>\u015awi\u0119to rocznicy po\u015bwi\u0119cenia Ko\u015bcio\u0142a Katedralnego,<\/li>\n<li>adoracja Naj\u015bwi\u0119tszego Sakramentu po Mszy \u015bw. wieczornej do godz. 20:00.<\/li>\n<\/ul>\n<\/li>\n<li><strong>W sobot\u0119<\/strong> 3 czerwca:\n<ul>\n<li>wspomnienie \u015bw. Karola Lwangi i towarzyszy, m\u0119czennik\u00f3w.<\/li>\n<\/ul>\n<\/li>\n<li><strong>W niedziel\u0119<\/strong> 4 czerwca:\n<ul>\n<li>Uroczysto\u015b\u0107 Tr\u00f3jcy Przenaj\u015bwi\u0119tszej,<\/li>\n<li>po prymarii zmiana tajemnic r\u00f3\u017ca\u0144cowych,<\/li>\n<li>r\u00f3\u017caniec poprowadzi R\u00f3\u017ca b\u0142. Kard. Stefana Wyszy\u0144skiego,<\/li>\n<\/ul>\n<\/li>\n<\/ol>\n<p>Spotkania<\/p>\n<ul>\n<li><strong>Scholka<\/strong> \u2013 poniedzia\u0142ek 17:00<\/li>\n<li><strong>Duszpasterstwo Akademickie &#8222;Grota&#8221;<\/strong> &#8211; poniedzia\u0142ek 19:00<\/li>\n<li><strong>Wsp\u00f3lnota Doros\u0142ych<\/strong> \u2013 wtorek po Mszy \u015bw.<\/li>\n<li><strong>LSO <\/strong>&#8211; \u015broda po Mszy \u015bw.<\/li>\n<li><strong>Akcja Katolicka <\/strong>&#8211; czwartek po Mszy \u015bw.<\/li>\n<li><strong>Ruch \u015awiat\u0142o &#8211; \u017bycie <\/strong>\u2013 pi\u0105tek po Mszy \u015bw.<\/li>\n<\/ul>\n","protected":false},"excerpt":{"rendered":"<p>Uroczysto\u015bci\u0105 Zes\u0142ania Ducha \u015awi\u0119tego ko\u0144czy si\u0119 Okres Wielkanocny. W liturgii kontynuujemy okres zwyk\u0142y. W poniedzia\u0142ek 29 maja: \u015awi\u0119to Naj\u015bwi\u0119tszej Maryi Panny, Matki Ko\u015bcio\u0142a, Msze \u015bw. w naszej parafii; 7:00; 9:00 i 18:00. W \u015brod\u0119 31 maja: \u015awi\u0119to Nawiedzenia Naj\u015bwi\u0119tszej Maryi Panny, zako\u0144czenie nabo\u017ce\u0144stw majowych, po Mszy \u015bw. Nowenna do Matki Bo\u017cej Nieustaj\u0105cej Pomocy, Pani Zaleskiej, <a class=\"read-more\" href=\"https:\/\/parafiazalesie.org\/index.php\/2023\/05\/25\/ogloszenia-uroczystosc-zeslania-ducha-swietego-28-05-2023-r\/\"><\/p>\n<p>Zobacz wi\u0119cej<\/a><\/p>\n","protected":false},"author":1,"featured_media":1134,"comment_status":"closed","ping_status":"closed","sticky":false,"template":"","format":"standard","meta":{"ngg_post_thumbnail":0,"footnotes":""},"categories":[3],"tags":[],"class_list":["post-1133","post","type-post","status-publish","format-standard","has-post-thumbnail","hentry","category-ogloszenia"],"_links":{"self":[{"href":"https:\/\/parafiazalesie.org\/index.php\/wp-json\/wp\/v2\/posts\/1133","targetHints":{"allow":["GET"]}}],"collection":[{"href":"https:\/\/parafiazalesie.org\/index.php\/wp-json\/wp\/v2\/posts"}],"about":[{"href":"https:\/\/parafiazalesie.org\/index.php\/wp-json\/wp\/v2\/types\/post"}],"author":[{"embeddable":true,"href":"https:\/\/parafiazalesie.org\/index.php\/wp-json\/wp\/v2\/users\/1"}],"replies":[{"embeddable":true,"href":"https:\/\/parafiazalesie.org\/index.php\/wp-json\/wp\/v2\/comments?post=1133"}],"version-history":[{"count":0,"href":"https:\/\/parafiazalesie.org\/index.php\/wp-json\/wp\/v2\/posts\/1133\/revisions"}],"wp:featuredmedia":[{"embeddable":true,"href":"https:\/\/parafiazalesie.org\/index.php\/wp-json\/wp\/v2\/media\/1134"}],"wp:attachment":[{"href":"https:\/\/parafiazalesie.org\/index.php\/wp-json\/wp\/v2\/media?parent=1133"}],"wp:term":[{"taxonomy":"category","embeddable":true,"href":"https:\/\/parafiazalesie.org\/index.php\/wp-json\/wp\/v2\/categories?post=1133"},{"taxonomy":"post_tag","embeddable":true,"href":"https:\/\/parafiazalesie.org\/index.php\/wp-json\/wp\/v2\/tags?post=1133"}],"curies":[{"name":"wp","href":"https:\/\/api.w.org\/{rel}","templated":true}]}}