{"id":1073,"date":"2023-03-11T23:11:43","date_gmt":"2023-03-11T22:11:43","guid":{"rendered":"https:\/\/parafiazalesie.org\/?p=1073"},"modified":"2023-03-11T23:29:24","modified_gmt":"2023-03-11T22:29:24","slug":"oswiadczenie-przewodniczacego-konferencji-episkopatu-polski-w-zwiazku-z-publikacjami-dotyczacymi-metropolity-krakowskiego-kard-karola-wojtyly","status":"publish","type":"post","link":"https:\/\/parafiazalesie.org\/index.php\/2023\/03\/11\/oswiadczenie-przewodniczacego-konferencji-episkopatu-polski-w-zwiazku-z-publikacjami-dotyczacymi-metropolity-krakowskiego-kard-karola-wojtyly\/","title":{"rendered":"O\u015bwiadczenie Przewodnicz\u0105cego Konferencji Episkopatu Polski w zwi\u0105zku z publikacjami dotycz\u0105cymi Metropolity Krakowskiego kard. Karola Wojty\u0142y"},"content":{"rendered":"<p style=\"text-align: center;\"><strong>O\u015aWIADCZENIE <\/strong><strong>PRZEWODNICZ\u0104CEGO KONFERENCJI EPISKOPATU POLSKI <\/strong><strong>W ZWI\u0104ZKU Z PUBLIKACJAMI DOTYCZ\u0104CYMI<\/strong><br \/>\n<strong>METROPOLITY KRAKOWSKIEGO KARD. KAROLA WOJTY\u0141Y<\/strong><\/p>\n<p>\u015awi\u0119ty Jan Pawe\u0142 II to jeden z najwybitniejszych papie\u017cy i najwi\u0119kszych Polak\u00f3w. Jego papieskie przepowiadanie, apostolskie wizyty, a tak\u017ce wysi\u0142ki dyplomatyczne przyczyni\u0142y si\u0119 do wzrostu duchowego milion\u00f3w ludzi na ca\u0142ym \u015bwiecie. Dla nich Papie\u017c Polak by\u0142 i pozostaje moralnym punktem odniesienia, nauczycielem wiary, a tak\u017ce or\u0119downikiem w niebie.<\/p>\n<p><span style=\"font-size: 15px;\">W tym \u015bwietle szokuj\u0105ce s\u0105 pr\u00f3by zdyskredytowania jego osoby i dzie\u0142a, podejmowane pod pozorem troski o prawd\u0119 i dobro. Autorzy tych dyskredytuj\u0105cych g\u0142os\u00f3w podj\u0119li si\u0119 oceny Karola Wojty\u0142y w spos\u00f3b stronniczy, cz\u0119sto ahistoryczny, bez znajomo\u015bci kontekstu, bezkrytycznie uznaj\u0105c tworzone przez S\u0142u\u017cby Bezpiecze\u0144stwa dokumenty za wiarygodne \u017ar\u00f3d\u0142a. Nie wzi\u0119li przy tym pod uwag\u0119 istniej\u0105cych raport\u00f3w i opracowa\u0144, kt\u00f3re rzetelnie ukazuj\u0105 jego s\u0142owa i czyny. Cz\u0142onkowie Rady Sta\u0142ej Konferencji Episkopatu Polski ju\u017c raz podkre\u015blili (18 listopada 2022 roku), \u017ce medialny atak na kard. Karola Wojty\u0142\u0119, a nast\u0119pnie Papie\u017ca Polaka i jego pontyfikat ma swoje g\u0142\u0119bsze przyczyny. <\/span><span style=\"font-size: 15px;\">Chcia\u0142bym w tym miejscu wyrazi\u0107 moje serdeczne podzi\u0119kowanie tym wszystkim, kt\u00f3rzy w ostatnim czasie broni\u0105 dziedzictwa i osoby \u015bw. Jana Paw\u0142a II, kt\u00f3ry m.in. przyczyni\u0142 si\u0119 do wyzwolenia Polski i innych pa\u0144stw spod sowieckiego komunizmu.<\/span><\/p>\n<p>To w\u0142a\u015bnie poczynaj\u0105c od decyzji Jana Paw\u0142a II, Ko\u015bci\u00f3\u0142 podj\u0105\u0142 zdecydowany wysi\u0142ek powo\u0142ania struktur i opracowania jednoznacznych procedur, by zapewni\u0107 bezpiecze\u0144stwo dzieciom i m\u0142odzie\u017cy, nale\u017cycie ukara\u0107 winnych przest\u0119pstw seksualnych, a przede wszystkim wspom\u00f3c osoby skrzywdzone. Wydaj\u0105c dokument Sacramentorum sanctitatis tutela dla ca\u0142ego Ko\u015bcio\u0142a, kt\u00f3ry uznaje krzywd\u0119 wyrz\u0105dzon\u0105 dziecku w sferze seksualnej za jedno z najci\u0119\u017cszych przest\u0119pstw, Jan Pawe\u0142 II zobowi\u0105za\u0142 wszystkie episkopaty \u015bwiata do wprowadzenia szczeg\u00f3\u0142owych norm post\u0119powania w takich przypadkach. By\u0142a to decyzja ze wszech miar bezprecedensowa i prze\u0142omowa.<\/p>\n<p>Obrona \u015bwi\u0119to\u015bci i wielko\u015bci Jana Paw\u0142a II nie oznacza, oczywi\u015bcie, twierdzenia, \u017ce nie m\u00f3g\u0142 on pope\u0142nia\u0107 b\u0142\u0119d\u00f3w. Bycie pasterzem Ko\u015bcio\u0142a w czasach podzia\u0142u Europy na Zach\u00f3d i blok sowiecki oznacza\u0142o konieczno\u015b\u0107 mierzenia si\u0119 z nie\u0142atwymi wyzwaniami. Trzeba te\u017c by\u0107 \u015bwiadomym tego, \u017ce w tamtym okresie obowi\u0105zywa\u0142y, nie tylko w Polsce, inne ni\u017c dzisiaj prawa, inna by\u0142a \u015bwiadomo\u015b\u0107 spo\u0142eczna i zwyczajowe sposoby rozwi\u0105zywania problem\u00f3w.\u00a0 Wzywam zatem wszystkich ludzi dobrej woli, by nie niszczy\u0107 wsp\u00f3lnego dobra, a do takiego nale\u017cy niew\u0105tpliwie dziedzictwo Jana Paw\u0142a II. Polacy winni pami\u0119ta\u0107 o b\u0142ogos\u0142awie\u0144stwie, jakie Opatrzno\u015b\u0107 da\u0142a nam za spraw\u0105 tego Papie\u017ca.<\/p>\n<p>Warszawa, 9 marca 2023 roku<\/p>\n<p>\u2720 Stanis\u0142aw G\u0105decki<br \/>\nArcybiskup Metropolita Pozna\u0144ski<br \/>\nPrzewodnicz\u0105cy Konferencji Episkopatu Polski<\/p>\n<p><a href=\"https:\/\/parafiazalesie.org\/wp-content\/uploads\/2023\/03\/oswiadczenie-przewodniczacwgo-kep-ws-publikacji-na-temat-sw-jana-pawla-ii-1-1.pdf\">Tekst oryginalny<\/a><\/p>\n","protected":false},"excerpt":{"rendered":"<p>O\u015aWIADCZENIE PRZEWODNICZ\u0104CEGO KONFERENCJI EPISKOPATU POLSKI W ZWI\u0104ZKU Z PUBLIKACJAMI DOTYCZ\u0104CYMI METROPOLITY KRAKOWSKIEGO KARD. KAROLA WOJTY\u0141Y \u015awi\u0119ty Jan Pawe\u0142 II to jeden z najwybitniejszych papie\u017cy i najwi\u0119kszych Polak\u00f3w. Jego papieskie przepowiadanie, apostolskie wizyty, a tak\u017ce wysi\u0142ki dyplomatyczne przyczyni\u0142y si\u0119 do wzrostu duchowego milion\u00f3w ludzi na ca\u0142ym \u015bwiecie. Dla nich Papie\u017c Polak by\u0142 i pozostaje moralnym punktem <a class=\"read-more\" href=\"https:\/\/parafiazalesie.org\/index.php\/2023\/03\/11\/oswiadczenie-przewodniczacego-konferencji-episkopatu-polski-w-zwiazku-z-publikacjami-dotyczacymi-metropolity-krakowskiego-kard-karola-wojtyly\/\"><\/p>\n<p>Zobacz wi\u0119cej<\/a><\/p>\n","protected":false},"author":1,"featured_media":1084,"comment_status":"closed","ping_status":"closed","sticky":false,"template":"","format":"standard","meta":{"ngg_post_thumbnail":0,"footnotes":""},"categories":[6],"tags":[],"class_list":["post-1073","post","type-post","status-publish","format-standard","has-post-thumbnail","hentry","category-aktualnosci"],"_links":{"self":[{"href":"https:\/\/parafiazalesie.org\/index.php\/wp-json\/wp\/v2\/posts\/1073","targetHints":{"allow":["GET"]}}],"collection":[{"href":"https:\/\/parafiazalesie.org\/index.php\/wp-json\/wp\/v2\/posts"}],"about":[{"href":"https:\/\/parafiazalesie.org\/index.php\/wp-json\/wp\/v2\/types\/post"}],"author":[{"embeddable":true,"href":"https:\/\/parafiazalesie.org\/index.php\/wp-json\/wp\/v2\/users\/1"}],"replies":[{"embeddable":true,"href":"https:\/\/parafiazalesie.org\/index.php\/wp-json\/wp\/v2\/comments?post=1073"}],"version-history":[{"count":0,"href":"https:\/\/parafiazalesie.org\/index.php\/wp-json\/wp\/v2\/posts\/1073\/revisions"}],"wp:featuredmedia":[{"embeddable":true,"href":"https:\/\/parafiazalesie.org\/index.php\/wp-json\/wp\/v2\/media\/1084"}],"wp:attachment":[{"href":"https:\/\/parafiazalesie.org\/index.php\/wp-json\/wp\/v2\/media?parent=1073"}],"wp:term":[{"taxonomy":"category","embeddable":true,"href":"https:\/\/parafiazalesie.org\/index.php\/wp-json\/wp\/v2\/categories?post=1073"},{"taxonomy":"post_tag","embeddable":true,"href":"https:\/\/parafiazalesie.org\/index.php\/wp-json\/wp\/v2\/tags?post=1073"}],"curies":[{"name":"wp","href":"https:\/\/api.w.org\/{rel}","templated":true}]}}