{"id":1070,"date":"2023-03-11T09:20:59","date_gmt":"2023-03-11T08:20:59","guid":{"rendered":"https:\/\/parafiazalesie.org\/?p=1070"},"modified":"2023-03-14T08:42:50","modified_gmt":"2023-03-14T07:42:50","slug":"ogloszenia-iii-niedziela-wielkiego-postu-12-03-2023-r","status":"publish","type":"post","link":"https:\/\/parafiazalesie.org\/index.php\/2023\/03\/11\/ogloszenia-iii-niedziela-wielkiego-postu-12-03-2023-r\/","title":{"rendered":"OG\u0141OSZENIA III Niedziela Wielkiego Postu 12.03.2023 r."},"content":{"rendered":"<ol>\n<li>Nasza parafia rozpocz\u0119\u0142a Rekolekcje Wielkopostne. Ws\u0142uchujmy si\u0119 w g\u0142os Boga, kt\u00f3ry kierowany jest do naszych serc. B\u00f3g pragnie nas nawr\u00f3ci\u0107 do siebie aby\u015bmy byli ch\u0119tni w odkrywaniu nowych mo\u017cliwo\u015bci na\u015bladowania Chrystusa. M\u00f3dlmy si\u0119 za siebie nawzajem, za (ksi\u0119dza rekolekcjonist\u0119), podejmujmy drobne umartwienia, znajd\u017amy troch\u0119 czasu na przemy\u015blenie tre\u015bci us\u0142yszanych nauk rekolekcyjnych.<\/li>\n<li><strong>Dzi\u015b:<\/strong>\n<ul>\n<li>o godz. 16:00 Gorzkie \u017bale z kazaniem pasyjnym,<\/li>\n<\/ul>\n<\/li>\n<li>Przez kolejne dni Msza \u015bw. z nauk\u0105 rekolekcyjn\u0105 rano o godz. 8:00 a po po\u0142udniu o godz. 18:00.<\/li>\n<li><strong>Rekolekcje dla uczni\u00f3w szko\u0142y nr 24<\/strong> od poniedzia\u0142ku do \u015brody. O godz. 9:00 spotkania dla klas od V \u2013 VIII a o godz. 11:00 dla klas od I \u2013 IV.<\/li>\n<li><strong>W poniedzia\u0142ek<\/strong> 13 marca:\n<ul>\n<li>na godz. 15:00 prosimy o pomoc w dotarciu do ko\u015bcio\u0142a seniorom, kt\u00f3rzy sami o w\u0142asnych silach nie dali by rady. Seniorom, kt\u00f3rzy chcieliby skorzysta\u0107 z sakramentu spowiedzi b\u0119dziemy s\u0142u\u017cy\u0107 w konfesjona\u0142ach od godz. 14:30.<\/li>\n<\/ul>\n<\/li>\n<li><strong>W \u015brod\u0119<\/strong> 15 marca:\n<ul>\n<li>po Mszy \u015bw. Nowenna do Matki Bo\u017cej Nieustaj\u0105cej Pomocy, Pani Zaleskiej, a po niej adoracja Naj\u015bwi\u0119tszego Sakramentu do godz. 20:00,<\/li>\n<li>o godz. 20:00 nauka rekolekcyjna dla student\u00f3w a po niej Akademicka Droga Krzy\u017cowa.\\<\/li>\n<\/ul>\n<\/li>\n<li><strong>W czwartek<\/strong> 16 marca:\n<ul>\n<li>o godz. 18:00 na Msz\u0119 \u015bw. zapraszamy Kandydat\u00f3w do sakramentu bierzmowania wraz z rodzicami. Podczas Mszy \u015bw. odb\u0119dzie si\u0119 spotkanie z delegatem ks. bpa, kt\u00f3ry spotka si\u0119 z m\u0142odzie\u017c\u0105 na Eucharystii a po niej indywidualnie z ka\u017cdym kandydatem i jego rodzicami. Obecno\u015b\u0107 obowi\u0105zkowa.<\/li>\n<\/ul>\n<\/li>\n<li><strong>W <\/strong><strong>pi\u0105tek<\/strong> 17 marca:\n<ul>\n<li>o godz. 16:30 Droga Krzy\u017cowa dla dzieci,<\/li>\n<li>od godz. 17:00 do 18:00 adoracja Naj\u015bwi\u0119tszego Sakramentu,<\/li>\n<li>o godz. 18:00 Msza \u015bw., a bezpo\u015brednio po niej Droga Krzy\u017cowa dla wszystkich.<\/li>\n<\/ul>\n<\/li>\n<li><strong>W niedziel\u0119<\/strong> 19 marca:\n<ul>\n<li>r\u00f3\u017caniec poprowadzi R\u00f3\u017ca b\u0142. Kardyna\u0142a Stefana Wyszy\u0144skiego,<\/li>\n<li>o godz. 12:00 Msza \u015bw. z udzia\u0142em dzieci,<\/li>\n<\/ul>\n<\/li>\n<\/ol>\n","protected":false},"excerpt":{"rendered":"<p>Nasza parafia rozpocz\u0119\u0142a Rekolekcje Wielkopostne. Ws\u0142uchujmy si\u0119 w g\u0142os Boga, kt\u00f3ry kierowany jest do naszych serc. B\u00f3g pragnie nas nawr\u00f3ci\u0107 do siebie aby\u015bmy byli ch\u0119tni w odkrywaniu nowych mo\u017cliwo\u015bci na\u015bladowania Chrystusa. M\u00f3dlmy si\u0119 za siebie nawzajem, za (ksi\u0119dza rekolekcjonist\u0119), podejmujmy drobne umartwienia, znajd\u017amy troch\u0119 czasu na przemy\u015blenie tre\u015bci us\u0142yszanych nauk rekolekcyjnych. Dzi\u015b: o godz. 16:00 <a class=\"read-more\" href=\"https:\/\/parafiazalesie.org\/index.php\/2023\/03\/11\/ogloszenia-iii-niedziela-wielkiego-postu-12-03-2023-r\/\"><\/p>\n<p>Zobacz wi\u0119cej<\/a><\/p>\n","protected":false},"author":1,"featured_media":1071,"comment_status":"closed","ping_status":"closed","sticky":false,"template":"","format":"standard","meta":{"ngg_post_thumbnail":0,"footnotes":""},"categories":[3],"tags":[],"class_list":["post-1070","post","type-post","status-publish","format-standard","has-post-thumbnail","hentry","category-ogloszenia"],"_links":{"self":[{"href":"https:\/\/parafiazalesie.org\/index.php\/wp-json\/wp\/v2\/posts\/1070","targetHints":{"allow":["GET"]}}],"collection":[{"href":"https:\/\/parafiazalesie.org\/index.php\/wp-json\/wp\/v2\/posts"}],"about":[{"href":"https:\/\/parafiazalesie.org\/index.php\/wp-json\/wp\/v2\/types\/post"}],"author":[{"embeddable":true,"href":"https:\/\/parafiazalesie.org\/index.php\/wp-json\/wp\/v2\/users\/1"}],"replies":[{"embeddable":true,"href":"https:\/\/parafiazalesie.org\/index.php\/wp-json\/wp\/v2\/comments?post=1070"}],"version-history":[{"count":0,"href":"https:\/\/parafiazalesie.org\/index.php\/wp-json\/wp\/v2\/posts\/1070\/revisions"}],"wp:featuredmedia":[{"embeddable":true,"href":"https:\/\/parafiazalesie.org\/index.php\/wp-json\/wp\/v2\/media\/1071"}],"wp:attachment":[{"href":"https:\/\/parafiazalesie.org\/index.php\/wp-json\/wp\/v2\/media?parent=1070"}],"wp:term":[{"taxonomy":"category","embeddable":true,"href":"https:\/\/parafiazalesie.org\/index.php\/wp-json\/wp\/v2\/categories?post=1070"},{"taxonomy":"post_tag","embeddable":true,"href":"https:\/\/parafiazalesie.org\/index.php\/wp-json\/wp\/v2\/tags?post=1070"}],"curies":[{"name":"wp","href":"https:\/\/api.w.org\/{rel}","templated":true}]}}