{"id":1068,"date":"2023-03-11T09:18:59","date_gmt":"2023-03-11T08:18:59","guid":{"rendered":"https:\/\/parafiazalesie.org\/?p=1068"},"modified":"2023-03-14T08:42:58","modified_gmt":"2023-03-14T07:42:58","slug":"intencje-mszalne-13-19-03-2023r","status":"publish","type":"post","link":"https:\/\/parafiazalesie.org\/index.php\/2023\/03\/11\/intencje-mszalne-13-19-03-2023r\/","title":{"rendered":"INTENCJE MSZALNE   13 \u2013 19.03.2023r."},"content":{"rendered":"<table width=\"744\">\n<tbody>\n<tr>\n<td rowspan=\"3\" width=\"108\">\n<p>13.03.2023r.<\/p>\n<p>Poniedzia\u0142ek<\/p>\n<\/td>\n<td width=\"48\">\n<p>8.00<\/p>\n<\/td>\n<td width=\"588\">\n<p>1. + Janina Bilut gr.12<br \/>\n2. + Anna Baran \u2013 z int. kole\u017canek z PSG Spo\u0142em<br \/>\n3. + R. Kasza<br \/>\n4. ++ Anna i W\u0142adys\u0142aw Lu\u015bniak<\/p>\n<\/td>\n<\/tr>\n<tr>\n<td width=\"48\">\n<p>15.00<\/p>\n<\/td>\n<td width=\"588\">\n<p>O Bo\u017ce b\u0142ogos\u0142awie\u0144stwo i opiek\u0119 Matki Bo\u017cej dla uczestnik\u00f3w \u015brodowych nowenn <br \/>\ni ich Rodzin<\/p>\n<\/td>\n<\/tr>\n<tr>\n<td width=\"48\">\n<p>18.00<\/p>\n<\/td>\n<td width=\"588\">\n<p>1. + Eugeniusz Zi\u0119ba \u2013 z int. wnuczki Sylwii z Rodzin\u0105<br \/>\n2. + Maria G\u00f3rniak \u2013 z int. siostry Krystyny z Rodzin\u0105<br \/>\n<em>3. + Zbigniew Rak \u2013 z int. Janiny Rak z Rodzin\u0105 (poza parafi\u0105) <\/em><\/p>\n<\/td>\n<\/tr>\n<tr>\n<td rowspan=\"2\" width=\"108\">\n<p>14.03.2023r.<\/p>\n<p>Wtorek<\/p>\n<\/td>\n<td width=\"48\">\n<p>8.00<\/p>\n<\/td>\n<td width=\"588\">\n<p>1. O zdrowie Magdy i Krystiana<br \/>\n2. + Janina Bilut gr.13<br \/>\n3. + Anna Baran \u2013 z int. kole\u017canek z PSG Spo\u0142em<br \/>\n4. + Maria G\u00f3rniak \u2013 z int. wnuka Marcina<\/p>\n<\/td>\n<\/tr>\n<tr>\n<td width=\"48\">\n<p>18.00<\/p>\n<\/td>\n<td width=\"588\">\n<p>1. O \u0142ask\u0119 otwarcia na Ducha \u015awi\u0119tego i Jego dary dla Moniki<br \/>\n2. + Julia Kopta w 11r. \u015bmierci<\/p>\n<\/td>\n<\/tr>\n<tr>\n<td rowspan=\"2\" width=\"108\">\n<p>15.03.2023r.<\/p>\n<p>\u015aroda<\/p>\n<\/td>\n<td width=\"48\">\n<p>8.00<\/p>\n<\/td>\n<td width=\"588\">\n<p>1. O zdrowie Magdy i Krystiana<br \/>\n2. + Janina Bilut gr.14<br \/>\n3. + Anna Baran \u2013 z int. s\u0105siad\u00f3w Ewy i Jana Rzucid\u0142o<br \/>\n4. ++ Julia i Micha\u0142 Lu\u015bniak<\/p>\n<\/td>\n<\/tr>\n<tr>\n<td width=\"48\">\n<p>18.00<\/p>\n<\/td>\n<td width=\"588\">\n<p>1. + Gra\u017cyna w 6r. \u015bmierci<br \/>\n2. + Julian Matwij \u2013 z int. c\u00f3rki Marty<\/p>\n<\/td>\n<\/tr>\n<tr>\n<td rowspan=\"2\" width=\"108\">\n<p>16.03.2023r.<\/p>\n<p>Czwartek<\/p>\n<\/td>\n<td width=\"48\">\n<p>7.00<\/p>\n<\/td>\n<td width=\"588\">\n<p>1. + Janina Bilut gr.15<br \/>\n2. + Jan Kot \u2013 z int. Marii Grys z dzie\u0107mi<br \/>\n3. + Zbigniew Piasecki w r. \u015bmierci \u2013 z int. chrze\u015bnicy Barbary<br \/>\n4. ++ Maria i Stanis\u0142aw Burek<\/p>\n<\/td>\n<\/tr>\n<tr>\n<td width=\"48\">\n<p>18.00<\/p>\n<\/td>\n<td width=\"588\">\n<p>1. + Anna Baran \u2013 z int. kole\u017canek c\u00f3rki Magdy i ich Rodzin<br \/>\n2. ++ Zofia i W\u0142adys\u0142aw Polak<br \/>\n<em>3. + Zbigniew Rak \u2013 z int. Doroty i Janusza Uryniak z Rodzin\u0105 (poza parafi\u0105) <br \/>\n<\/em><em>4. + Zygmunt Z\u0142amaniec (poza paraf\u0105) <\/em><\/p>\n<\/td>\n<\/tr>\n<tr>\n<td rowspan=\"2\" width=\"108\">\n<p>17.03.2023r.<\/p>\n<p>Pi\u0105tek<\/p>\n<\/td>\n<td width=\"48\">\n<p>7.00<\/p>\n<\/td>\n<td width=\"588\">\n<p>1. O zdrowie i Bo\u017ce b\u0142ogos\u0142awie\u0144stwo dla Edwarda<br \/>\n2. + Janina Bilut gr.16<br \/>\n3. + Anna Baran \u2013 z int. rodziny Pi\u0119kosi\u00f3w<br \/>\n4. ++ Henryk Waszkowski i Jan Lubas<\/p>\n<\/td>\n<\/tr>\n<tr>\n<td width=\"48\">\n<p>18.00<\/p>\n<\/td>\n<td width=\"588\">\n<p>1. ++ J\u00f3zefa (f), Jan, Maria i ++ z Rodziny<br \/>\n2. ++ Stefania i Ignacy Wasilewscy<\/p>\n<\/td>\n<\/tr>\n<tr>\n<td rowspan=\"2\" width=\"108\">\n<p>18.03.2023r.<\/p>\n<p>Sobota<\/p>\n<\/td>\n<td width=\"48\">\n<p>7.00<\/p>\n<\/td>\n<td width=\"588\">\n<p>1. + Janina Bilut gr.17<br \/>\n2. + Anna Baran \u2013 z int. pracownik\u00f3w ROM III w Rzeszowie<br \/>\n3. + Jan Kot \u2013 z int. rodziny Brzychc\u00f3w i Mi\u0105sik\u00f3w<br \/>\n4. + Rozalia S\u0119p w 3r. \u015bmierci<\/p>\n<\/td>\n<\/tr>\n<tr>\n<td width=\"48\">\n<p>18.00<\/p>\n<\/td>\n<td width=\"588\">\n<p>1. + Ksenia Z\u0142amaniec w 7r. \u015bmierci<br \/>\n2. ++ Helena, J\u00f3zef, Antoni i ++ z Rodziny<\/p>\n<\/td>\n<\/tr>\n<tr>\n<td rowspan=\"5\" width=\"108\">\n<p>19.03.2023r.<\/p>\n<p>Niedziela<\/p>\n<\/td>\n<td width=\"48\">\n<p>7.00<\/p>\n<\/td>\n<td width=\"588\">\n<p>1. + Ma\u0142gorzata Bara\u0144ska<br \/>\n2. ++ J\u00f3zef, Rozalia, Janusz<\/p>\n<\/td>\n<\/tr>\n<tr>\n<td width=\"48\">\n<p>9.00<\/p>\n<\/td>\n<td width=\"588\">\n<p>++ W\u0142adys\u0142aw i Czes\u0142awa (f) Stec<\/p>\n<\/td>\n<\/tr>\n<tr>\n<td width=\"48\">\n<p>10.30<\/p>\n<\/td>\n<td width=\"588\">\n<p>1. + Janina Bilut gr.18<br \/>\n<em>2.<\/em> <em>+ Zygmunt Z\u0142amaniec (poza paraf\u0105)<\/em><\/p>\n<\/td>\n<\/tr>\n<tr>\n<td width=\"48\">\n<p>12.00<\/p>\n<\/td>\n<td width=\"588\">\n<p>Za Parafian<\/p>\n<\/td>\n<\/tr>\n<tr>\n<td width=\"48\">\n<p>17.00<\/p>\n<\/td>\n<td width=\"588\">\n<p>W intencji kap\u0142an\u00f3w zw\u0142aszcza pos\u0142uguj\u0105cych w naszej parafii<\/p>\n<\/td>\n<\/tr>\n<\/tbody>\n<\/table>\n<p>&nbsp;<\/p>\n","protected":false},"excerpt":{"rendered":"<p>13.03.2023r. Poniedzia\u0142ek 8.00 1. + Janina Bilut gr.12 2. + Anna Baran \u2013 z int. kole\u017canek z PSG Spo\u0142em 3. + R. Kasza 4. ++ Anna i W\u0142adys\u0142aw Lu\u015bniak 15.00 O Bo\u017ce b\u0142ogos\u0142awie\u0144stwo i opiek\u0119 Matki Bo\u017cej dla uczestnik\u00f3w \u015brodowych nowenn i ich Rodzin 18.00 1. + Eugeniusz Zi\u0119ba \u2013 z int. wnuczki Sylwii z <a class=\"read-more\" href=\"https:\/\/parafiazalesie.org\/index.php\/2023\/03\/11\/intencje-mszalne-13-19-03-2023r\/\"><\/p>\n<p>Zobacz wi\u0119cej<\/a><\/p>\n","protected":false},"author":1,"featured_media":111,"comment_status":"closed","ping_status":"closed","sticky":false,"template":"","format":"standard","meta":{"ngg_post_thumbnail":0,"footnotes":""},"categories":[5],"tags":[],"class_list":["post-1068","post","type-post","status-publish","format-standard","has-post-thumbnail","hentry","category-intencje"],"_links":{"self":[{"href":"https:\/\/parafiazalesie.org\/index.php\/wp-json\/wp\/v2\/posts\/1068","targetHints":{"allow":["GET"]}}],"collection":[{"href":"https:\/\/parafiazalesie.org\/index.php\/wp-json\/wp\/v2\/posts"}],"about":[{"href":"https:\/\/parafiazalesie.org\/index.php\/wp-json\/wp\/v2\/types\/post"}],"author":[{"embeddable":true,"href":"https:\/\/parafiazalesie.org\/index.php\/wp-json\/wp\/v2\/users\/1"}],"replies":[{"embeddable":true,"href":"https:\/\/parafiazalesie.org\/index.php\/wp-json\/wp\/v2\/comments?post=1068"}],"version-history":[{"count":0,"href":"https:\/\/parafiazalesie.org\/index.php\/wp-json\/wp\/v2\/posts\/1068\/revisions"}],"wp:featuredmedia":[{"embeddable":true,"href":"https:\/\/parafiazalesie.org\/index.php\/wp-json\/wp\/v2\/media\/111"}],"wp:attachment":[{"href":"https:\/\/parafiazalesie.org\/index.php\/wp-json\/wp\/v2\/media?parent=1068"}],"wp:term":[{"taxonomy":"category","embeddable":true,"href":"https:\/\/parafiazalesie.org\/index.php\/wp-json\/wp\/v2\/categories?post=1068"},{"taxonomy":"post_tag","embeddable":true,"href":"https:\/\/parafiazalesie.org\/index.php\/wp-json\/wp\/v2\/tags?post=1068"}],"curies":[{"name":"wp","href":"https:\/\/api.w.org\/{rel}","templated":true}]}}