{"id":1063,"date":"2023-03-04T08:13:58","date_gmt":"2023-03-04T07:13:58","guid":{"rendered":"https:\/\/parafiazalesie.org\/?p=1063"},"modified":"2023-03-02T08:19:52","modified_gmt":"2023-03-02T07:19:52","slug":"ogloszenia-ii-niedziela-wielkiego-postu-5-03-2023-r","status":"publish","type":"post","link":"https:\/\/parafiazalesie.org\/index.php\/2023\/03\/04\/ogloszenia-ii-niedziela-wielkiego-postu-5-03-2023-r\/","title":{"rendered":"OG\u0141OSZENIA  II Niedziela Wielkiego Postu 5.03.2023 r."},"content":{"rendered":"<ol>\n<li><strong>Dzi\u015b<\/strong>:\n<ul>\n<li>o godz. 16:00 Gorzkie \u017bale z kazaniem pasyjnym.<\/li>\n<\/ul>\n<\/li>\n<li><strong>W \u015brod\u0119 <\/strong>8 marca:\n<ul>\n<li>po Mszy \u015bw. o godz. 18:00 Nowenna do Matki Bo\u017cej Nieustaj\u0105cej Pomocy, Pani Zaleskiej,<\/li>\n<li>po nabo\u017ce\u0144stwie mo\u017cliwo\u015b\u0107 adoracji Naj\u015bwi\u0119tszego Sakramentu do godz. 20:00,<\/li>\n<li>o godz. 20:00 nabo\u017ce\u0144stwo Drogi Krzy\u017cowej dla student\u00f3w, pracownik\u00f3w Uniwersytetu i wszystkich ch\u0119tnych.<\/li>\n<\/ul>\n<\/li>\n<li><strong>W pi\u0105tek <\/strong>10 marca:\n<ul>\n<li>o godz. 16:30 Droga Krzy\u017cowa dla dzieci,<\/li>\n<li>od godz. 17:00 do 18:00 adoracja Naj\u015bwi\u0119tszego Sakramentu, prowadzona przez Wsp\u00f3lnot\u0119 Intronizacyjn\u0105,<\/li>\n<li>po Mszy \u015bw. wieczornej Droga Krzy\u017cowa dla wszystkich.<\/li>\n<\/ul>\n<\/li>\n<li><strong>W niedziel\u0119<\/strong> 12 marca:\n<ul>\n<li>R\u00f3\u017caniec poprowadzi R\u00f3\u017ca b\u0142. Bronis\u0142awy,<\/li>\n<li>rozpoczynamy wielkopostne \u0107wiczenia rekolekcyjne. Wykorzystajmy ten czas na modlitw\u0119, troch\u0119 ciszy i refleksji nad w\u0142asnym \u017cyciem przed Bogiem. Poznajmy na jakim poziomie jest nasza wiara i zapragnijmy duchowej odnowy. Prosimy rodzic\u00f3w by zainteresowali si\u0119, czy ich dziecko bierze udzia\u0142 w rekolekcjach w ko\u015bciele. Rekolekcje poprowadzi Ks. Tomasz Niedziela \u2013 Salwatorianin. Prosimy o modlitw\u0119, drobne wyrzeczenia, z intencj\u0105 by jak najwi\u0119cej parafian skorzysta\u0142o z tego zaproszenia.<\/li>\n<li>o godz. 12:00 Msza \u015bw. z udzia\u0142em dzieci.<\/li>\n<\/ul>\n<\/li>\n<li>Pod ch\u00f3rem mo\u017cemy naby\u0107 baranki cukrowe do \u015bwi\u0119conki.<\/li>\n<\/ol>\n<p><strong>SPOTKANIA:<\/strong><\/p>\n<ul>\n<li>Kandydaci do bierzmowania \u2013 poniedzia\u0142ek, wtorek, czwartek po Mszy \u015bw. (udzia\u0142 we Mszy \u015bw. obowi\u0105zkowy)<\/li>\n<li>Scholka \u2013 poniedzia\u0142ek 17:30<\/li>\n<li>Duszpasterstwo Akademickie \u201eGrota\u201d \u2013 poniedzia\u0142ek 19:00<\/li>\n<li>Ch\u00f3r \u201eCredo\u201d \u2013 wtorek 18:00<\/li>\n<li>Wsp\u00f3lnota Doros\u0142ych \u2013 wtorek po Mszy \u015bw.<\/li>\n<li>Kandydaci na ministrant\u00f3w \u2013 \u015broda 17:00<\/li>\n<li>LSO \u2013 \u015broda po Mszy \u015bw.<\/li>\n<li>Akcja Katolicka \u2013 czwartek po Mszy \u015bw.<\/li>\n<li>Ruch \u015awiat\u0142o &#8211; \u017bycie \u2013 pi\u0105tek po Mszy \u015bw.<\/li>\n<\/ul>\n","protected":false},"excerpt":{"rendered":"<p>Dzi\u015b: o godz. 16:00 Gorzkie \u017bale z kazaniem pasyjnym. W \u015brod\u0119 8 marca: po Mszy \u015bw. o godz. 18:00 Nowenna do Matki Bo\u017cej Nieustaj\u0105cej Pomocy, Pani Zaleskiej, po nabo\u017ce\u0144stwie mo\u017cliwo\u015b\u0107 adoracji Naj\u015bwi\u0119tszego Sakramentu do godz. 20:00, o godz. 20:00 nabo\u017ce\u0144stwo Drogi Krzy\u017cowej dla student\u00f3w, pracownik\u00f3w Uniwersytetu i wszystkich ch\u0119tnych. W pi\u0105tek 10 marca: o godz. <a class=\"read-more\" href=\"https:\/\/parafiazalesie.org\/index.php\/2023\/03\/04\/ogloszenia-ii-niedziela-wielkiego-postu-5-03-2023-r\/\"><\/p>\n<p>Zobacz wi\u0119cej<\/a><\/p>\n","protected":false},"author":1,"featured_media":1064,"comment_status":"closed","ping_status":"closed","sticky":false,"template":"","format":"standard","meta":{"ngg_post_thumbnail":0,"footnotes":""},"categories":[3],"tags":[],"class_list":["post-1063","post","type-post","status-publish","format-standard","has-post-thumbnail","hentry","category-ogloszenia"],"_links":{"self":[{"href":"https:\/\/parafiazalesie.org\/index.php\/wp-json\/wp\/v2\/posts\/1063","targetHints":{"allow":["GET"]}}],"collection":[{"href":"https:\/\/parafiazalesie.org\/index.php\/wp-json\/wp\/v2\/posts"}],"about":[{"href":"https:\/\/parafiazalesie.org\/index.php\/wp-json\/wp\/v2\/types\/post"}],"author":[{"embeddable":true,"href":"https:\/\/parafiazalesie.org\/index.php\/wp-json\/wp\/v2\/users\/1"}],"replies":[{"embeddable":true,"href":"https:\/\/parafiazalesie.org\/index.php\/wp-json\/wp\/v2\/comments?post=1063"}],"version-history":[{"count":0,"href":"https:\/\/parafiazalesie.org\/index.php\/wp-json\/wp\/v2\/posts\/1063\/revisions"}],"wp:featuredmedia":[{"embeddable":true,"href":"https:\/\/parafiazalesie.org\/index.php\/wp-json\/wp\/v2\/media\/1064"}],"wp:attachment":[{"href":"https:\/\/parafiazalesie.org\/index.php\/wp-json\/wp\/v2\/media?parent=1063"}],"wp:term":[{"taxonomy":"category","embeddable":true,"href":"https:\/\/parafiazalesie.org\/index.php\/wp-json\/wp\/v2\/categories?post=1063"},{"taxonomy":"post_tag","embeddable":true,"href":"https:\/\/parafiazalesie.org\/index.php\/wp-json\/wp\/v2\/tags?post=1063"}],"curies":[{"name":"wp","href":"https:\/\/api.w.org\/{rel}","templated":true}]}}