{"id":106,"date":"2021-03-28T16:01:25","date_gmt":"2021-03-28T14:01:25","guid":{"rendered":"https:\/\/parafiazalesie.org\/?p=106"},"modified":"2021-03-28T16:01:35","modified_gmt":"2021-03-28T14:01:35","slug":"ogloszenia-v-niedziela-wielkiego-postu-21-03-2021-r","status":"publish","type":"post","link":"https:\/\/parafiazalesie.org\/index.php\/2021\/03\/28\/ogloszenia-v-niedziela-wielkiego-postu-21-03-2021-r\/","title":{"rendered":"OG\u0141OSZENIA V Niedziela Wielkiego Postu (21.03.2021 r.)"},"content":{"rendered":"<p><\/p>\r\n<ol>\r\n\t<li><strong>Dzi\u015b:<\/strong>\r\n<ul>\r\n\t<li>zako\u0144czenie rekolekcji wielkopostnych w naszej parafii, kt\u00f3re wpisuj\u0105 si\u0119 w nasze przygotowanie do \u015awi\u0105t Paschalnych i s\u0105 pomoc\u0105 w o\u017cywieniu naszej wiary i nawr\u00f3ceniu serca do Boga.<\/li>\r\n<\/ul>\r\n<\/li>\r\n\t<li>Od \u015brody nasze przygotowania do \u015bwi\u0105t b\u0119d\u0105 przebiega\u0107 przez sakrament pokuty i pojednania. Nie odk\u0142adajmy spowiedzi na Wielki Tydzie\u0144. Tak jak na Wielkanoc w ubieg\u0142ym roku, r\u00f3wnie\u017c i w tym Wielkim Po\u015bcie nie b\u0119dzie spowiedzi takiej jak\u0105 znamy z minionych lat. W zwi\u0105zku z tym <strong>zapraszamy do spowiedzi ju\u017c od \u015brody od godz. 17:30<\/strong>. W konfesjonale b\u0119d\u0105 dy\u017curowa\u0107 kap\u0142ani <strong>codziennie do godz. 19:00<\/strong>. Pami\u0119tajmy o potrzebie wyspowiadania si\u0119, aby w czasie wielkanocnym przyj\u0105\u0107 komuni\u0119 \u015bw.<\/li>\r\n\t<li><strong>W \u015brod\u0119<\/strong> 24 marca:\r\n\r\n<ul>\r\n\t<li>po Mszy \u015bw. Nowenna do Matki Bo\u017cej Nieustaj\u0105cej Pomocy,<\/li>\r\n\t<li>po Nowennie Adoracja Naj\u015bwi\u0119tszego Sakramentu do godz. 20:00.<\/li>\r\n<\/ul>\r\n<\/li>\r\n\t<li><strong style=\"font-size: 15px;\">W czwartek<\/strong><span style=\"font-size: 15px;\"> 25 marca:<\/span>\r\n<ul>\r\n\t<li>uroczysto\u015b\u0107 Zwiastowania Pa\u0144skiego. W tym dniu obchodzimy Dzie\u0144 \u015awi\u0119to\u015bci \u017bycia. B\u0119dzie okazja przyst\u0105pienia do duchowej adopcji. Wybieramy jedno dziecko, kt\u00f3rego \u017cycie jest zagro\u017cone zabiciem w \u0142onie matki i przez dziewi\u0119\u0107 miesi\u0119cy odmawiamy ustalon\u0105 modlitw\u0119, kt\u00f3r\u0105 znajdziemy w deklaracji, codziennie odmawiamy jedn\u0105 tajemnic\u0119 r\u00f3\u017ca\u0144ca \u015bwi\u0119tego. Zach\u0119camy do w\u0142\u0105czenia si\u0119 w duchow\u0105 adopcj\u0119. Mo\u017ce postaramy si\u0119 o pozyskanie kolejnych os\u00f3b do duchowej adopcji.<\/li>\r\n<\/ul>\r\n<\/li>\r\n\t<li><strong>W pi\u0105tek<\/strong> 26 marca<strong>:<\/strong>\r\n<ul>\r\n\t<li>o godz. 16:30 Droga Krzy\u017cowa dla dzieci,<\/li>\r\n\t<li>od godz. 17:00 adoracja Naj\u015bwi\u0119tszego Sakramentu,<\/li>\r\n\t<li>o godz. 18:00 Msza \u015bw., a bezpo\u015brednio po niej Droga Krzy\u017cowa dla wszystkich.<\/li>\r\n<\/ul>\r\n<\/li>\r\n\t<li><strong>W niedziel\u0119 <\/strong>28 marca:\r\n\r\n<ul>\r\n\t<li>modlitw\u0119 r\u00f3\u017ca\u0144cow\u0105 poprowadzi R\u00f3\u017ca Pani Barbary Pustelak,<\/li>\r\n\t<li>o godz. 12:00 na Msz\u0119 \u015bw. zapraszamy dzieci,<\/li>\r\n\t<li>o godz. 16:00 Nabo\u017ce\u0144stwo Gorzkich \u017bali z kazaniem pasyjnym,<\/li>\r\n\t<li>o godz. 17:00 Msza \u015bw.<\/li>\r\n<\/ul>\r\n<\/li>\r\n\t<li>W zwi\u0105zku z trudn\u0105 sytuacj\u0105 zwi\u0105zan\u0105 z pandemi\u0105, kt\u00f3ra parali\u017cuje r\u00f3wnie\u017c nasze \u017cycie religijne, praktykowanie \u017cycia sakramentalnego, a tak\u017ce udzia\u0142 w nabo\u017ce\u0144stwach od przysz\u0142ej niedzieli (Niedzieli Palmowej) <strong>wprowadzamy<\/strong> <strong>kolejn\u0105 Msz\u0119 \u015bw. w naszej parafii<\/strong> <strong>o godz. 13:30<\/strong>. Czas poka\u017ce czy ta Msza \u015bw. znajdzie ch\u0119tnych i czy wpisze si\u0119 na sta\u0142e w program Mszy \u015bw niedzielnych. Prosimy o informowanie naszych parafian o mo\u017cliwo\u015bci uczestnictwa w dodatkowej Mszy \u015bw.<\/li>\r\n\t<li>Oddzia\u0142 naszego parafialnego Caritas-u informuje, \u017ce przygotowuje na Niedziel\u0119 Palmow\u0105 palmy, kt\u00f3re b\u0119d\u0105 rozprowadzane za tydzie\u0144 wzorem minionych lat przed ko\u015bcio\u0142em. Uzyskane pieni\u0105dze b\u0119d\u0105 przeznaczone na niesienie pomocy potrzebuj\u0105cym z naszej parafii.<\/li>\r\n\t<li>Nie ustawajmy w modlitwie r\u00f3\u017ca\u0144cowej w naszych rodzinach w \u0142\u0105czno\u015bci z innymi by B\u00f3g oddali\u0142 od nas epidemi\u0119, w intencji zara\u017conych i s\u0142u\u017cby zdrowia.<\/li>\r\n\t<li>Za ofiary dzi\u015b z\u0142o\u017cone na cele inwestycyjne w naszym ko\u015bciele sk\u0142adamy \u2013 B\u00f3g zap\u0142a\u0107.<\/li>\r\n<\/ol>\r\n<p><\/p>","protected":false},"excerpt":{"rendered":"<p>Dzi\u015b: zako\u0144czenie rekolekcji wielkopostnych w naszej parafii, kt\u00f3re wpisuj\u0105 si\u0119 w nasze przygotowanie do \u015awi\u0105t Paschalnych i s\u0105 pomoc\u0105 w o\u017cywieniu naszej wiary i nawr\u00f3ceniu serca do Boga. Od \u015brody nasze przygotowania do \u015bwi\u0105t b\u0119d\u0105 przebiega\u0107 przez sakrament pokuty i pojednania. Nie odk\u0142adajmy spowiedzi na Wielki Tydzie\u0144. Tak jak na Wielkanoc w ubieg\u0142ym roku, r\u00f3wnie\u017c <a class=\"read-more\" href=\"https:\/\/parafiazalesie.org\/index.php\/2021\/03\/28\/ogloszenia-v-niedziela-wielkiego-postu-21-03-2021-r\/\"><\/p>\n<p>Zobacz wi\u0119cej<\/a><\/p>\n","protected":false},"author":1,"featured_media":107,"comment_status":"open","ping_status":"open","sticky":false,"template":"","format":"standard","meta":{"ngg_post_thumbnail":0,"footnotes":""},"categories":[3],"tags":[],"class_list":["post-106","post","type-post","status-publish","format-standard","has-post-thumbnail","hentry","category-ogloszenia"],"_links":{"self":[{"href":"https:\/\/parafiazalesie.org\/index.php\/wp-json\/wp\/v2\/posts\/106","targetHints":{"allow":["GET"]}}],"collection":[{"href":"https:\/\/parafiazalesie.org\/index.php\/wp-json\/wp\/v2\/posts"}],"about":[{"href":"https:\/\/parafiazalesie.org\/index.php\/wp-json\/wp\/v2\/types\/post"}],"author":[{"embeddable":true,"href":"https:\/\/parafiazalesie.org\/index.php\/wp-json\/wp\/v2\/users\/1"}],"replies":[{"embeddable":true,"href":"https:\/\/parafiazalesie.org\/index.php\/wp-json\/wp\/v2\/comments?post=106"}],"version-history":[{"count":0,"href":"https:\/\/parafiazalesie.org\/index.php\/wp-json\/wp\/v2\/posts\/106\/revisions"}],"wp:featuredmedia":[{"embeddable":true,"href":"https:\/\/parafiazalesie.org\/index.php\/wp-json\/wp\/v2\/media\/107"}],"wp:attachment":[{"href":"https:\/\/parafiazalesie.org\/index.php\/wp-json\/wp\/v2\/media?parent=106"}],"wp:term":[{"taxonomy":"category","embeddable":true,"href":"https:\/\/parafiazalesie.org\/index.php\/wp-json\/wp\/v2\/categories?post=106"},{"taxonomy":"post_tag","embeddable":true,"href":"https:\/\/parafiazalesie.org\/index.php\/wp-json\/wp\/v2\/tags?post=106"}],"curies":[{"name":"wp","href":"https:\/\/api.w.org\/{rel}","templated":true}]}}