{"id":1049,"date":"2023-03-08T09:15:24","date_gmt":"2023-03-08T08:15:24","guid":{"rendered":"https:\/\/parafiazalesie.org\/?p=1049"},"modified":"2023-03-09T09:15:55","modified_gmt":"2023-03-09T08:15:55","slug":"intencje-mszalne-20-26-02-2023r","status":"publish","type":"post","link":"https:\/\/parafiazalesie.org\/index.php\/2023\/03\/08\/intencje-mszalne-20-26-02-2023r\/","title":{"rendered":"INTENCJE MSZALNE   20 \u2013 26.02.2023r."},"content":{"rendered":"<table width=\"744\">\n<tbody>\n<tr>\n<td rowspan=\"2\" width=\"108\">\n<p>20.02.2023r.<\/p>\n<p>Poniedzia\u0142ek<\/p>\n<\/td>\n<td width=\"48\">\n<p>7.00<\/p>\n<\/td>\n<td width=\"588\">\n<p>1. + Stanis\u0142aw Pilch \u2013 z int. Marii Nowak i Zydroni\u00f3w<br \/>\n2. + Gra\u017cyna Rusin \u2013 z int. rodziny Marsza\u0142k\u00f3w<br \/>\n3. + J\u00f3zef<br \/>\n4. ++ Kazimiera i W\u0142odzimierz Wruszak \u2013 z int. koleg\u00f3w i kole\u017canek z Konsorcjum Stacji<\/p>\n<\/td>\n<\/tr>\n<tr>\n<td width=\"48\">\n<p>18.00<\/p>\n<\/td>\n<td width=\"588\">\n<p>1. + Piotr Falkiewicz gr.21<br \/>\n2. + Jerzy Furman \u2013 z int. c\u00f3rek Bogus\u0142awy<br \/>\n3. + <em>Zbigniew Rak \u2013 z int. kolegi Romana Malaka z Zimowita (poza parafi\u0105)<br \/>\n<\/em>4.<em> + Adam Rybka gr. (poza parafi\u0105)<\/em><\/p>\n<\/td>\n<\/tr>\n<tr>\n<td rowspan=\"2\" width=\"108\">\n<p>21.02.2023r.<\/p>\n<p>Wtorek<\/p>\n<\/td>\n<td width=\"48\">\n<p>7.00<\/p>\n<\/td>\n<td width=\"588\">\n<p>1. Dzi\u0119kczynna za dar \u017cycia i zdrowia dla Ma\u0142gorzaty i za szcz\u0119\u015bliwy por\u00f3d<br \/>\n2. + Stanis\u0142aw Pilch \u2013 z int. rodziny Sondej z Krasnego<br \/>\n3. + Jerzy Furman \u2013 z int. Stanis\u0142awa z Rodzin\u0105<br \/>\n4. ++ Kazimiera i W\u0142odzimierz Wruszak \u2013 z int. rodziny \u015amiechowskich<\/p>\n<\/td>\n<\/tr>\n<tr>\n<td width=\"48\">\n<p>18.00<\/p>\n<\/td>\n<td width=\"588\">\n<p>1. + Piotr Falkiewicz gr.22<br \/>\n2. + Gra\u017cyna Rusin \u2013 z int. wujka Antka z Rodzin\u0105 z Lutory\u017ca<br \/>\n3. <em>+ Adam Rybka gr. (poza parafi\u0105)<\/em><\/p>\n<\/td>\n<\/tr>\n<tr>\n<td rowspan=\"4\" width=\"108\">\n<p>22.02.2023r.<\/p>\n<p>\u015aroda<\/p>\n<\/td>\n<td width=\"48\">\n<p>7.00<\/p>\n<\/td>\n<td width=\"588\">\n<p>O Bo\u017ce b\u0142ogos\u0142awie\u0144stwo dla ca\u0142ej rodziny, opiek\u0119 Matki Bo\u017cej dla Krzysztofa i Natalii z dzie\u0107mi<\/p>\n<\/td>\n<\/tr>\n<tr>\n<td width=\"48\">\n<p>9.00<\/p>\n<\/td>\n<td width=\"588\">\n<p>+ Gra\u017cyna Rusin \u2013 z int. chrze\u015bnicy Justyny<\/p>\n<\/td>\n<\/tr>\n<tr>\n<td width=\"48\">\n<p>18.00<\/p>\n<\/td>\n<td width=\"588\">\n<p>1. + Piotr Falkiewicz gr.23<br \/>\n2. + Stanis\u0142aw Pilch \u2013 z int. Anety Markiewicz z Rodzin\u0105<br \/>\n3. + Jerzy Furman \u2013 z int. swat\u00f3w<br \/>\n4. <em>+ Adam Rybka gr. (poza parafi\u0105)<\/em><\/p>\n<\/td>\n<\/tr>\n<tr>\n<td width=\"48\">\n<p>20.00<\/p>\n<\/td>\n<td width=\"588\">\n<p>+ Monika Krawczyk w 4r. \u015bmierci \u2013 z int. rodzic\u00f3w<\/p>\n<\/td>\n<\/tr>\n<tr>\n<td rowspan=\"2\" width=\"108\">\n<p>23.02.2023r.<\/p>\n<p>Czwartek<\/p>\n<\/td>\n<td width=\"48\">\n<p>7.00<\/p>\n<\/td>\n<td width=\"588\">\n<p>1. + Stanis\u0142aw Pilch \u2013 z int. zarz\u0105du i pracownik\u00f3w firmy Bella \u2013 Rzesz\u00f3w<br \/>\n2. + Jerzy Furman \u2013 z int. chrze\u015bniaka Mateusza z Rodzin\u0105<br \/>\n3. + Gra\u017cyna Rusin \u2013 z int. rodziny Marsza\u0142k\u00f3w<br \/>\n4. + Stanis\u0142aw Gruszka \u2013 z int. bratank\u00f3w Jakuba i Przemka<\/p>\n<\/td>\n<\/tr>\n<tr>\n<td width=\"48\">\n<p>18.00<\/p>\n<\/td>\n<td width=\"588\">\n<p>1. + Piotr Falkiewicz gr.24<br \/>\n2. ++ Edward i Eugenia Wierzbiccy<br \/>\n3<em>. + Adam Rybka gr. (poza parafi\u0105)<\/em><\/p>\n<\/td>\n<\/tr>\n<tr>\n<td rowspan=\"2\" width=\"108\">\n<p>24.02.2023r.<\/p>\n<p>Pi\u0105tek<\/p>\n<\/td>\n<td width=\"48\">\n<p>7.00<\/p>\n<\/td>\n<td width=\"588\">\n<p>1. ++ Augustyn, Franciszka (f), Julian, Stefania, Franciszek i Helena<br \/>\n2. + Barbara Krzyszto\u0144 \u2013 z int. kuzynki Haliny<br \/>\n3. + Gra\u017cyna Rusin \u2013 z int. kuzyna Wies\u0142awa z Budziwoja<br \/>\n4. + Jerzy Furman \u2013 z int. Jolanty i Jana Wa\u0142y z dzie\u0107mi<\/p>\n<\/td>\n<\/tr>\n<tr>\n<td width=\"48\">\n<p>18.00<\/p>\n<\/td>\n<td width=\"588\">\n<p>1. + Piotr Falkiewicz gr.25<br \/>\n2. + Andrzej W\u0105s w 5r. \u015bmierci<br \/>\n3. <em>+ Adam Rybka gr. (poza parafi\u0105)<\/em><\/p>\n<\/td>\n<\/tr>\n<tr>\n<td rowspan=\"2\" width=\"108\">\n<p>25.02.2023r.<\/p>\n<p>Sobota<\/p>\n<\/td>\n<td width=\"48\">\n<p>7.00<\/p>\n<\/td>\n<td width=\"588\">\n<p>1. + Jerzy Furman \u2013 z int. kole\u017canek Madzi z Kancelarii Og\u00f3lnej Urz\u0119du Marsza\u0142kowskiego<br \/>\n2. + Barbara Krzyszto\u0144 \u2013 z int. s\u0105siad\u00f3w Czes\u0142awa i Jana Misi\u00f3w<br \/>\n3. + Anna Baran \u2013 z int. kole\u017canek z Reg. Centrum Krwiodawstwa i Krwiolecznictwa<br \/>\n4. + Gabriela<\/p>\n<\/td>\n<\/tr>\n<tr>\n<td width=\"48\">\n<p>18.00<\/p>\n<\/td>\n<td width=\"588\">\n<p>1. + Piotr Falkiewicz gr.26<br \/>\n2. + Gra\u017cyna Rusin \u2013 z int. Jana Mi\u0142ka<br \/>\n3. <em>+ Adam Rybka gr. (poza parafi\u0105)<\/em><\/p>\n<\/td>\n<\/tr>\n<tr>\n<td rowspan=\"5\" width=\"108\">\n<p>26.02.2023r.<\/p>\n<p>Niedziela<\/p>\n<\/td>\n<td width=\"48\">\n<p>7.00<\/p>\n<\/td>\n<td width=\"588\">\n<p>1. Dzi\u0119kczynna za 40 lat pracy, emerytur\u0119 z pro\u015bb\u0105 o Bo\u017ce b\u0142ogos\u0142awie\u0144stwo i \u0142aski<br \/>\n2. + Jerzy Furman \u2013 z int. kole\u017canek i koleg\u00f3w Madzi z Urz\u0119du Marsza\u0142kowskiego<\/p>\n<\/td>\n<\/tr>\n<tr>\n<td width=\"48\">\n<p>9.00<\/p>\n<\/td>\n<td width=\"588\">\n<p>+ Barbara Krzyszto\u0144 \u2013 z int. siostry Krystyny z Rodzin\u0105<\/p>\n<\/td>\n<\/tr>\n<tr>\n<td width=\"48\">\n<p>10.30<\/p>\n<\/td>\n<td width=\"588\">\n<p>1. W dniu imienin ks. Prof. Miros\u0142awa Twardowskiego o Bo\u017ce b\u0142ogos\u0142awie\u0144stwo, potrzebne \u0142aski i opiek\u0119 Matki Bo\u017cej \u2013 z int. Wsp\u00f3lnot parafialnych<br \/>\n2. Gra\u017cyna Rusin \u2013 z int. rodziny T\u0142uczek z Lubeni<\/p>\n<\/td>\n<\/tr>\n<tr>\n<td width=\"48\">\n<p>12.00<\/p>\n<\/td>\n<td width=\"588\">\n<p>+ Piotr Falkiewicz gr.27<\/p>\n<\/td>\n<\/tr>\n<tr>\n<td width=\"48\">\n<p>17.00<\/p>\n<\/td>\n<td width=\"588\">\n<p>1. Za Parafian<br \/>\n2. <em>+ Adam Rybka gr. (poza parafi\u0105)<\/em><\/p>\n<\/td>\n<\/tr>\n<\/tbody>\n<\/table>\n<p>&nbsp;<\/p>\n","protected":false},"excerpt":{"rendered":"<p>20.02.2023r. Poniedzia\u0142ek 7.00 1. + Stanis\u0142aw Pilch \u2013 z int. Marii Nowak i Zydroni\u00f3w 2. + Gra\u017cyna Rusin \u2013 z int. rodziny Marsza\u0142k\u00f3w 3. + J\u00f3zef 4. ++ Kazimiera i W\u0142odzimierz Wruszak \u2013 z int. koleg\u00f3w i kole\u017canek z Konsorcjum Stacji 18.00 1. + Piotr Falkiewicz gr.21 2. + Jerzy Furman \u2013 z int. c\u00f3rek <a class=\"read-more\" href=\"https:\/\/parafiazalesie.org\/index.php\/2023\/03\/08\/intencje-mszalne-20-26-02-2023r\/\"><\/p>\n<p>Zobacz wi\u0119cej<\/a><\/p>\n","protected":false},"author":1,"featured_media":111,"comment_status":"closed","ping_status":"closed","sticky":false,"template":"","format":"standard","meta":{"ngg_post_thumbnail":0,"footnotes":""},"categories":[5],"tags":[],"class_list":["post-1049","post","type-post","status-publish","format-standard","has-post-thumbnail","hentry","category-intencje"],"_links":{"self":[{"href":"https:\/\/parafiazalesie.org\/index.php\/wp-json\/wp\/v2\/posts\/1049","targetHints":{"allow":["GET"]}}],"collection":[{"href":"https:\/\/parafiazalesie.org\/index.php\/wp-json\/wp\/v2\/posts"}],"about":[{"href":"https:\/\/parafiazalesie.org\/index.php\/wp-json\/wp\/v2\/types\/post"}],"author":[{"embeddable":true,"href":"https:\/\/parafiazalesie.org\/index.php\/wp-json\/wp\/v2\/users\/1"}],"replies":[{"embeddable":true,"href":"https:\/\/parafiazalesie.org\/index.php\/wp-json\/wp\/v2\/comments?post=1049"}],"version-history":[{"count":0,"href":"https:\/\/parafiazalesie.org\/index.php\/wp-json\/wp\/v2\/posts\/1049\/revisions"}],"wp:featuredmedia":[{"embeddable":true,"href":"https:\/\/parafiazalesie.org\/index.php\/wp-json\/wp\/v2\/media\/111"}],"wp:attachment":[{"href":"https:\/\/parafiazalesie.org\/index.php\/wp-json\/wp\/v2\/media?parent=1049"}],"wp:term":[{"taxonomy":"category","embeddable":true,"href":"https:\/\/parafiazalesie.org\/index.php\/wp-json\/wp\/v2\/categories?post=1049"},{"taxonomy":"post_tag","embeddable":true,"href":"https:\/\/parafiazalesie.org\/index.php\/wp-json\/wp\/v2\/tags?post=1049"}],"curies":[{"name":"wp","href":"https:\/\/api.w.org\/{rel}","templated":true}]}}