{"id":1042,"date":"2023-02-11T19:17:34","date_gmt":"2023-02-11T18:17:34","guid":{"rendered":"https:\/\/parafiazalesie.org\/?p=1042"},"modified":"2023-02-06T19:19:49","modified_gmt":"2023-02-06T18:19:49","slug":"intencje-mszalne-13-19-02-2023r","status":"publish","type":"post","link":"https:\/\/parafiazalesie.org\/index.php\/2023\/02\/11\/intencje-mszalne-13-19-02-2023r\/","title":{"rendered":"INTENCJE MSZALNE 13 \u2013 19.02.2023r."},"content":{"rendered":"<table width=\"744\">\n<tbody>\n<tr>\n<td rowspan=\"2\" width=\"108\">\n<p>13.02.2023r.<\/p>\n<p>Poniedzia\u0142ek<\/p>\n<\/td>\n<td width=\"48\">\n<p>7.00<\/p>\n<\/td>\n<td width=\"588\">\n<p>1. + Piotr Falkiewicz gr.14<br \/>\n2. + Maria Filipek \u2013 z int. bratanicy Gabrieli z m\u0119\u017cem<br \/>\n3. + Jerzy Ry\u015b w 10r. \u015bmierci<br \/>\n4. + Jerzy Furman \u2013 z int. s\u0105siad\u00f3w Marii i Juliana Dochnal<\/p>\n<\/td>\n<\/tr>\n<tr>\n<td width=\"48\">\n<p>18.00<\/p>\n<\/td>\n<td width=\"588\">\n<p>1. + Stanis\u0142aw Pilch \u2013 z int. rodziny Dal ze S\u0142ociny<br \/>\n2. ++ Kazimiera i W\u0142odzimierz Wruszak \u2013 z int. Anny i Jaros\u0142awa \u015awider z Rodzin\u0105<br \/>\n3. + <em>Zbigniew Rak \u2013 z int. rodziny K\u0119dzior (poza parafi\u0105)<br \/>\n<\/em>4.<em> + Adam Rybka gr. (poza parafi\u0105)<\/em><\/p>\n<\/td>\n<\/tr>\n<tr>\n<td rowspan=\"2\" width=\"108\">\n<p>14.02.2023r.<\/p>\n<p>Wtorek<\/p>\n<\/td>\n<td width=\"48\">\n<p>7.00<\/p>\n<\/td>\n<td width=\"588\">\n<p>1. + Piotr Falkiewicz gr.15<br \/>\n2. + Stanis\u0142aw Pilch \u2013 z int. ks. Rafa\u0142a<br \/>\n3. ++ Walenty, Magdalena, Florian, Izydor, Kacper, Stanis\u0142aw<br \/>\n4. + Jerzy Furman \u2013 z int. Stanis\u0142awa z Rodzin\u0105<\/p>\n<\/td>\n<\/tr>\n<tr>\n<td width=\"48\">\n<p>18.00<\/p>\n<\/td>\n<td width=\"588\">\n<p>1. + Maria Filipek \u2013 z int. siostrze\u0144ca Micha\u0142a z Rodzin\u0105<br \/>\n2. ++ Kazimiera i W\u0142odzimierz Wruszak \u2013 z int. rodziny Jeziorskich<br \/>\n3. <em>+ Adam Rybka gr. (poza parafi\u0105)<\/em><\/p>\n<\/td>\n<\/tr>\n<tr>\n<td rowspan=\"2\" width=\"108\">\n<p>15.02.2023r.<\/p>\n<p>\u015aroda<\/p>\n<\/td>\n<td width=\"48\">\n<p>7.00<\/p>\n<\/td>\n<td width=\"588\">\n<p>1. + Piotr Falkiewicz gr.16<br \/>\n2. + Maria Filipek \u2013 z int. bratanka Grzegorza z Rodzin\u0105<br \/>\n3. + Stanis\u0142aw Pilch \u2013 z int. Teresy Kania \u00a0<br \/>\n4. + Gra\u017cyna Rusin \u2013 z int. kole\u017canek i koleg\u00f3w z pracy Delikatesy Frac<\/p>\n<\/td>\n<\/tr>\n<tr>\n<td width=\"48\">\n<p>18.00<\/p>\n<\/td>\n<td width=\"588\">\n<p>1. + Jerzy Furman \u2013 z int. siostry Marii z Rodzin\u0105<br \/>\n2. ++ Kazimiera i W\u0142odzimierz Wruszak \u2013 z int. Ewy Moskwa z Rodzin\u0105<br \/>\n3. <em>+ Adam Rybka gr. (poza parafi\u0105)<\/em><\/p>\n<\/td>\n<\/tr>\n<tr>\n<td rowspan=\"2\" width=\"108\">\n<p>16.02.2023r.<\/p>\n<p>Czwartek<\/p>\n<\/td>\n<td width=\"48\">\n<p>7.00<\/p>\n<\/td>\n<td width=\"588\">\n<p>1. O m\u0105dro\u015b\u0107, \u015bwi\u0119to\u015b\u0107 i odwag\u0119 dla kap\u0142an\u00f3w<br \/>\n2. + Piotr Falkiewicz gr.17<br \/>\n3. + Gra\u017cyna Rusin \u2013 z int. kole\u017canek i koleg\u00f3w z pracy Delikatesy Frac<br \/>\n4. ++ Kazimiera i W\u0142odzimierz Wruszak \u2013 z int. Wies\u0142awa Lampart<\/p>\n<\/td>\n<\/tr>\n<tr>\n<td width=\"48\">\n<p>18.00<\/p>\n<\/td>\n<td width=\"588\">\n<p>1. + Stanis\u0142aw Pilch \u2013 z int. Teresy Kania<br \/>\n2. + Jerzy Furman \u2013 z int. siostry Marii z Rodzin\u0105<br \/>\n3. <em>+ Zbigniew Rak \u2013 z int. rodziny Sod\u00f3w (poza parafi\u0105)<br \/>\n<\/em>4<em>. + Adam Rybka gr. (poza parafi\u0105)<\/em><\/p>\n<\/td>\n<\/tr>\n<tr>\n<td rowspan=\"2\" width=\"108\">\n<p>17.02.2023r.<\/p>\n<p>Pi\u0105tek<\/p>\n<\/td>\n<td width=\"48\">\n<p>7.00<\/p>\n<\/td>\n<td width=\"588\">\n<p>1. O \u0142ask\u0119 rozwi\u0105zania trudnych spraw dla Jolanty<br \/>\n2. + Piotr Falkiewicz gr.18<br \/>\n3. + Stanis\u0142aw Pilch \u2013 z int. El\u017cbiety Bana\u015b<br \/>\n4. + Jerzy Furman \u2013 z int. rodziny Jaworskich<\/p>\n<\/td>\n<\/tr>\n<tr>\n<td width=\"48\">\n<p>18.00<\/p>\n<\/td>\n<td width=\"588\">\n<p>1. + Maria Filipek \u2013 z int. kuzynki W\u0142adys\u0142awy Bar z Rodzin\u0105<br \/>\n2. ++ Kazimiera i W\u0142odzimierz Wruszak \u2013 z int. rodziny Leniart<br \/>\n3. <em>+ Adam Rybka gr. (poza parafi\u0105)<\/em><\/p>\n<\/td>\n<\/tr>\n<tr>\n<td rowspan=\"2\" width=\"108\">\n<p>18.02.2023r.<\/p>\n<p>Sobota<\/p>\n<\/td>\n<td width=\"48\">\n<p>7.00<\/p>\n<\/td>\n<td width=\"588\">\n<p>1. + Piotr Falkiewicz gr.19<br \/>\n2. + Stanis\u0142aw Pilch \u2013 z int. El\u017cbiety Bana\u015b<br \/>\n3. + Gra\u017cyna Rusin \u2013 z int. wsp\u00f3\u0142pracownik\u00f3w z kwiaciarni<br \/>\n4. ++ Kazimiera i W\u0142odzimierz Wruszak \u2013 z int. Ryszarda Ha\u0142dysa z Rodzin\u0105<\/p>\n<\/td>\n<\/tr>\n<tr>\n<td width=\"48\">\n<p>18.00<\/p>\n<\/td>\n<td width=\"588\">\n<p>1. + Krystyna Jakim w 7r. \u015bmierci<br \/>\n2. + Jerzy Furman \u2013 z int. siostry Bogus\u0142awy<br \/>\n3. <em>+ Adam Rybka gr. (poza parafi\u0105)<\/em><\/p>\n<\/td>\n<\/tr>\n<tr>\n<td rowspan=\"5\" width=\"108\">\n<p>19.02.2023r.<\/p>\n<p>Niedziela<\/p>\n<\/td>\n<td width=\"48\">\n<p>7.00<\/p>\n<\/td>\n<td width=\"588\">\n<p>1. + Jerzy Furman \u2013 z int. c\u00f3rek Bogus\u0142awy<br \/>\n2. + Gra\u017cyna Rusin \u2013 z int. mamy z Rodzin\u0105<\/p>\n<\/td>\n<\/tr>\n<tr>\n<td width=\"48\">\n<p>9.00<\/p>\n<\/td>\n<td width=\"588\">\n<p>++ Kazimiera i W\u0142odzimierz Wruszak \u2013 z int. Joanny Ha\u0142dys<\/p>\n<\/td>\n<\/tr>\n<tr>\n<td width=\"48\">\n<p>10.30<\/p>\n<\/td>\n<td width=\"588\">\n<p>+ Piotr Falkiewicz gr.20<\/p>\n<\/td>\n<\/tr>\n<tr>\n<td width=\"48\">\n<p>12.00<\/p>\n<\/td>\n<td width=\"588\">\n<p>Za Parafian<\/p>\n<\/td>\n<\/tr>\n<tr>\n<td width=\"48\">\n<p>17.00<\/p>\n<\/td>\n<td width=\"588\">\n<p>+ Ryszard Ociepka<\/p>\n<\/td>\n<\/tr>\n<\/tbody>\n<\/table>\n<p>&nbsp;<\/p>\n","protected":false},"excerpt":{"rendered":"<p>13.02.2023r. Poniedzia\u0142ek 7.00 1. + Piotr Falkiewicz gr.14 2. + Maria Filipek \u2013 z int. bratanicy Gabrieli z m\u0119\u017cem 3. + Jerzy Ry\u015b w 10r. \u015bmierci 4. + Jerzy Furman \u2013 z int. s\u0105siad\u00f3w Marii i Juliana Dochnal 18.00 1. + Stanis\u0142aw Pilch \u2013 z int. rodziny Dal ze S\u0142ociny 2. ++ Kazimiera i W\u0142odzimierz <a class=\"read-more\" href=\"https:\/\/parafiazalesie.org\/index.php\/2023\/02\/11\/intencje-mszalne-13-19-02-2023r\/\"><\/p>\n<p>Zobacz wi\u0119cej<\/a><\/p>\n","protected":false},"author":1,"featured_media":111,"comment_status":"closed","ping_status":"closed","sticky":false,"template":"","format":"standard","meta":{"ngg_post_thumbnail":0,"footnotes":""},"categories":[5],"tags":[],"class_list":["post-1042","post","type-post","status-publish","format-standard","has-post-thumbnail","hentry","category-intencje"],"_links":{"self":[{"href":"https:\/\/parafiazalesie.org\/index.php\/wp-json\/wp\/v2\/posts\/1042","targetHints":{"allow":["GET"]}}],"collection":[{"href":"https:\/\/parafiazalesie.org\/index.php\/wp-json\/wp\/v2\/posts"}],"about":[{"href":"https:\/\/parafiazalesie.org\/index.php\/wp-json\/wp\/v2\/types\/post"}],"author":[{"embeddable":true,"href":"https:\/\/parafiazalesie.org\/index.php\/wp-json\/wp\/v2\/users\/1"}],"replies":[{"embeddable":true,"href":"https:\/\/parafiazalesie.org\/index.php\/wp-json\/wp\/v2\/comments?post=1042"}],"version-history":[{"count":0,"href":"https:\/\/parafiazalesie.org\/index.php\/wp-json\/wp\/v2\/posts\/1042\/revisions"}],"wp:featuredmedia":[{"embeddable":true,"href":"https:\/\/parafiazalesie.org\/index.php\/wp-json\/wp\/v2\/media\/111"}],"wp:attachment":[{"href":"https:\/\/parafiazalesie.org\/index.php\/wp-json\/wp\/v2\/media?parent=1042"}],"wp:term":[{"taxonomy":"category","embeddable":true,"href":"https:\/\/parafiazalesie.org\/index.php\/wp-json\/wp\/v2\/categories?post=1042"},{"taxonomy":"post_tag","embeddable":true,"href":"https:\/\/parafiazalesie.org\/index.php\/wp-json\/wp\/v2\/tags?post=1042"}],"curies":[{"name":"wp","href":"https:\/\/api.w.org\/{rel}","templated":true}]}}