{"id":1033,"date":"2023-01-28T08:33:33","date_gmt":"2023-01-28T07:33:33","guid":{"rendered":"https:\/\/parafiazalesie.org\/?p=1033"},"modified":"2023-01-24T08:36:38","modified_gmt":"2023-01-24T07:36:38","slug":"intencje-mszalne-30-01-05-02-2023r","status":"publish","type":"post","link":"https:\/\/parafiazalesie.org\/index.php\/2023\/01\/28\/intencje-mszalne-30-01-05-02-2023r\/","title":{"rendered":"INTENCJE MSZALNE 30.01 \u2013 05.02.2023r."},"content":{"rendered":"<table style=\"width: 100%;\" width=\"744\">\n<tbody>\n<tr>\n<td style=\"width: 14.5108%;\" rowspan=\"2\" width=\"108\">\n<p>30.01.2023r.<\/p>\n<p>Poniedzia\u0142ek<\/p>\n<\/td>\n<td style=\"width: 6.46766%;\" width=\"48\">\n<p>7.00<\/p>\n<\/td>\n<td style=\"width: 78.9386%;\" width=\"588\">\n<p>1. + Andrzej Rak gr.(zako\u0144czenie)<br \/>\n2. + Maria Filipek \u2013 z int. rodziny Jachyr\u00f3w<br \/>\n3. + Henryk Siewierski \u2013 z int. Marty i Janusza Siewierskich<br \/>\n4. + Augustyn Krawczyk<\/p>\n<\/td>\n<\/tr>\n<tr>\n<td style=\"width: 6.46766%;\" width=\"48\">\n<p>18.00<\/p>\n<\/td>\n<td style=\"width: 78.9386%;\" width=\"588\">\n<p>1. + Stanis\u0142aw Pilch \u2013 z int. Zbigniewa Matwij<br \/>\n2. ++ Stanis\u0142awa (f) Rze\u017anikiewicz i Czes\u0142awa (f) Bukowska<\/p>\n<\/td>\n<\/tr>\n<tr>\n<td style=\"width: 14.5108%;\" rowspan=\"2\" width=\"108\">\n<p>31.01.2023r.<\/p>\n<p>Wtorek<\/p>\n<\/td>\n<td style=\"width: 6.46766%;\" width=\"48\">\n<p>7.00<\/p>\n<\/td>\n<td style=\"width: 78.9386%;\" width=\"588\">\n<p>1. + Piotr Falkiewicz gr.(rozpocz\u0119cie)<br \/>\n2. + Antoni P\u0142onka w 31r. \u015bmierci<br \/>\n3. + Stanis\u0142aw Pilch \u2013 z int. Mariana Skiby z Rodzin\u0105<br \/>\n4. + J\u00f3zefa (f) Wo\u017any w 2r. \u015bmierci<\/p>\n<\/td>\n<\/tr>\n<tr>\n<td style=\"width: 6.46766%;\" width=\"48\">\n<p>18.00<\/p>\n<\/td>\n<td style=\"width: 78.9386%;\" width=\"588\">\n<p>1. + Henryk Siewierski \u2013 z int. c\u00f3rki Bogumi\u0142y z m\u0119\u017cem i wnukami<br \/>\n2. + Dariusz Zi\u0119ba \u2013 z int. te\u015bcia, \u017cony i dzieci<\/p>\n<\/td>\n<\/tr>\n<tr>\n<td style=\"width: 14.5108%;\" rowspan=\"2\" width=\"108\">\n<p>01.02.2023r.<\/p>\n<p>\u015aroda<\/p>\n<\/td>\n<td style=\"width: 6.46766%;\" width=\"48\">\n<p>7.00<\/p>\n<\/td>\n<td style=\"width: 78.9386%;\" width=\"588\">\n<p>1. + Piotr Falkiewicz gr.2<br \/>\n2. + Stanis\u0142aw Pilch \u2013 z int. Jurka Kyca z Rodzin\u0105<br \/>\n3. + Maria Filipek \u2013 z int. rodziny Jachyr\u00f3w<br \/>\n4. + Gra\u017cyna Rusin \u2013 z int. rodziny Rusieckich<\/p>\n<\/td>\n<\/tr>\n<tr>\n<td style=\"width: 6.46766%;\" width=\"48\">\n<p>18.00<\/p>\n<\/td>\n<td style=\"width: 78.9386%;\" width=\"588\">\n<p>1. + Marian Miros\u0142aw w 2r. \u015bmierci<br \/>\n2. + Wies\u0142awa (f) Kwiatkowska \u2013 z int. R\u00f3\u017cy \u015bw. Urszuli Led\u00f3chowskiej<\/p>\n<\/td>\n<\/tr>\n<tr>\n<td style=\"width: 14.5108%;\" rowspan=\"3\" width=\"108\">\n<p>02.02.2023r.<\/p>\n<p>Czwartek<\/p>\n<\/td>\n<td style=\"width: 6.46766%;\" width=\"48\">\n<p>7.00<\/p>\n<\/td>\n<td style=\"width: 78.9386%;\" width=\"588\">\n<p>1. + Piotr Falkiewicz gr.3<br \/>\n2. + Stanis\u0142aw Pilch \u2013 z int. Marka D\u0105browskiego i Mariusza Wszo\u0142ka z Rodzinami<br \/>\n3. + Gra\u017cyna Rusin \u2013 z int. kole\u017canek z dawnej pracy<\/p>\n<\/td>\n<\/tr>\n<tr>\n<td style=\"width: 6.46766%;\" width=\"48\">\n<p>9.00<\/p>\n<\/td>\n<td style=\"width: 78.9386%;\" width=\"588\">\n<p>+ Maria Filipek \u2013 z int. rodziny Jachyr\u00f3w<\/p>\n<\/td>\n<\/tr>\n<tr>\n<td style=\"width: 6.46766%;\" width=\"48\">\n<p>18.00<\/p>\n<\/td>\n<td style=\"width: 78.9386%;\" width=\"588\">\n<p>1. O \u0142ask\u0119 zdrowia dla Gabrieli<br \/>\n2. + Henryk Siewierski \u2013 z int. c\u00f3rki Zyty z Rodzin\u0105<\/p>\n<\/td>\n<\/tr>\n<tr>\n<td style=\"width: 14.5108%;\" rowspan=\"2\" width=\"108\">\n<p>03.02.2023r.<\/p>\n<p>Pi\u0105tek<\/p>\n<\/td>\n<td style=\"width: 6.46766%;\" width=\"48\">\n<p>7.00<\/p>\n<\/td>\n<td style=\"width: 78.9386%;\" width=\"588\">\n<p>1. + Piotr Falkiewicz gr.4<br \/>\n2. + Stanis\u0142aw Pilch \u2013 z int. Waldemara Lisowicz z Rodzin\u0105<br \/>\n3. + Maria Filipek \u2013 z int. Bo\u017ceny i Jerzego Pa\u0142ka<br \/>\n4. + Stanis\u0142aw Po\u017aniak<\/p>\n<\/td>\n<\/tr>\n<tr>\n<td style=\"width: 6.46766%;\" width=\"48\">\n<p>18.00<\/p>\n<\/td>\n<td style=\"width: 78.9386%;\" width=\"588\">\n<p>1. Wynagradzaj\u0105ca Naj\u015bwi\u0119tszemu Sercu Pana Jezusa i o intronizacj\u0119 w sercach wszystkich ludzi \u2013 z int. Wsp\u00f3lnoty Intronizacyjnej<br \/>\n<em>2. + Zbigniew Rak \u2013 z int. dawnej s\u0105siadki Celiny (poza parafi\u0105) <\/em><\/p>\n<\/td>\n<\/tr>\n<tr>\n<td style=\"width: 14.5108%;\" rowspan=\"2\" width=\"108\">\n<p>04.02.2023r.<\/p>\n<p>Sobota<\/p>\n<\/td>\n<td style=\"width: 6.46766%;\" width=\"48\">\n<p>7.00<\/p>\n<\/td>\n<td style=\"width: 78.9386%;\" width=\"588\">\n<p>1. Dzi\u0119kczynna z okazji 5r. urodzin Bartosza i 7r. urodzin Macieja<br \/>\n2. + Piotr Falkiewicz gr.5<br \/>\n3. + Maria Filipek \u2013 z int. rodziny Jachyr\u00f3w<br \/>\n4. ++ Kazimierz i W\u0142odzimierz Wruszak \u2013 z int. s\u0105siadki Antoniny z Rodzin\u0105<\/p>\n<\/td>\n<\/tr>\n<tr>\n<td style=\"width: 6.46766%;\" width=\"48\">\n<p>18.00<\/p>\n<\/td>\n<td style=\"width: 78.9386%;\" width=\"588\">\n<p>1. ++ Micha\u0142, Zofia, Eugeniusz, W\u0142adys\u0142aw<br \/>\n2. + Stanis\u0142aw Pilch \u2013 z int. rodziny Bochnak\u00f3w<\/p>\n<\/td>\n<\/tr>\n<tr>\n<td style=\"width: 14.5108%;\" rowspan=\"5\" width=\"108\">\n<p>05.02.2023r.<\/p>\n<p>Niedziela<\/p>\n<\/td>\n<td style=\"width: 6.46766%;\" width=\"48\">\n<p>7.00<\/p>\n<\/td>\n<td style=\"width: 78.9386%;\" width=\"588\">\n<p>1. Dzi\u0119kczynna za otrzymane \u0142aski z pro\u015bb\u0105 o Bo\u017ce b\u0142ogos\u0142awie\u0144stwo i opiek\u0119 Matki Bo\u017cej Kr\u00f3lowej R\u00f3\u017ca\u0144ca dla Wsp\u00f3lnoty R\u00f3\u017c R\u00f3\u017ca\u0144cowych i ich Rodzin<br \/>\n2. ++ Kazimierz i W\u0142odzimierz Wruszak \u2013 z int. syna J\u00f3zefa z \u017con\u0105<\/p>\n<\/td>\n<\/tr>\n<tr>\n<td style=\"width: 6.46766%;\" width=\"48\">\n<p>9.00<\/p>\n<\/td>\n<td style=\"width: 78.9386%;\" width=\"588\">\n<p>+ Edward Jakubek w 5r. \u015bmierci<\/p>\n<\/td>\n<\/tr>\n<tr>\n<td style=\"width: 6.46766%;\" width=\"48\">\n<p>10.30<\/p>\n<\/td>\n<td style=\"width: 78.9386%;\" width=\"588\">\n<p>Za Parafian<\/p>\n<\/td>\n<\/tr>\n<tr>\n<td style=\"width: 6.46766%;\" width=\"48\">\n<p>12.00<\/p>\n<\/td>\n<td style=\"width: 78.9386%;\" width=\"588\">\n<p>+ Stanis\u0142aw Pilch \u2013 z int. Andrzeja Rusinka z Markowej<\/p>\n<\/td>\n<\/tr>\n<tr>\n<td style=\"width: 6.46766%;\" width=\"48\">\n<p>17.00<\/p>\n<\/td>\n<td style=\"width: 78.9386%;\" width=\"588\">\n<p>+ Piotr Falkiewicz gr.6<\/p>\n<\/td>\n<\/tr>\n<\/tbody>\n<\/table>\n<p>&nbsp;<\/p>\n","protected":false},"excerpt":{"rendered":"<p>30.01.2023r. Poniedzia\u0142ek 7.00 1. + Andrzej Rak gr.(zako\u0144czenie) 2. + Maria Filipek \u2013 z int. rodziny Jachyr\u00f3w 3. + Henryk Siewierski \u2013 z int. Marty i Janusza Siewierskich 4. + Augustyn Krawczyk 18.00 1. + Stanis\u0142aw Pilch \u2013 z int. Zbigniewa Matwij 2. ++ Stanis\u0142awa (f) Rze\u017anikiewicz i Czes\u0142awa (f) Bukowska 31.01.2023r. Wtorek 7.00 1. <a class=\"read-more\" href=\"https:\/\/parafiazalesie.org\/index.php\/2023\/01\/28\/intencje-mszalne-30-01-05-02-2023r\/\"><\/p>\n<p>Zobacz wi\u0119cej<\/a><\/p>\n","protected":false},"author":1,"featured_media":111,"comment_status":"closed","ping_status":"closed","sticky":false,"template":"","format":"standard","meta":{"ngg_post_thumbnail":0,"footnotes":""},"categories":[5],"tags":[],"class_list":["post-1033","post","type-post","status-publish","format-standard","has-post-thumbnail","hentry","category-intencje"],"_links":{"self":[{"href":"https:\/\/parafiazalesie.org\/index.php\/wp-json\/wp\/v2\/posts\/1033","targetHints":{"allow":["GET"]}}],"collection":[{"href":"https:\/\/parafiazalesie.org\/index.php\/wp-json\/wp\/v2\/posts"}],"about":[{"href":"https:\/\/parafiazalesie.org\/index.php\/wp-json\/wp\/v2\/types\/post"}],"author":[{"embeddable":true,"href":"https:\/\/parafiazalesie.org\/index.php\/wp-json\/wp\/v2\/users\/1"}],"replies":[{"embeddable":true,"href":"https:\/\/parafiazalesie.org\/index.php\/wp-json\/wp\/v2\/comments?post=1033"}],"version-history":[{"count":0,"href":"https:\/\/parafiazalesie.org\/index.php\/wp-json\/wp\/v2\/posts\/1033\/revisions"}],"wp:featuredmedia":[{"embeddable":true,"href":"https:\/\/parafiazalesie.org\/index.php\/wp-json\/wp\/v2\/media\/111"}],"wp:attachment":[{"href":"https:\/\/parafiazalesie.org\/index.php\/wp-json\/wp\/v2\/media?parent=1033"}],"wp:term":[{"taxonomy":"category","embeddable":true,"href":"https:\/\/parafiazalesie.org\/index.php\/wp-json\/wp\/v2\/categories?post=1033"},{"taxonomy":"post_tag","embeddable":true,"href":"https:\/\/parafiazalesie.org\/index.php\/wp-json\/wp\/v2\/tags?post=1033"}],"curies":[{"name":"wp","href":"https:\/\/api.w.org\/{rel}","templated":true}]}}