{"id":1030,"date":"2023-01-21T13:41:28","date_gmt":"2023-01-21T12:41:28","guid":{"rendered":"https:\/\/parafiazalesie.org\/?p=1030"},"modified":"2023-01-19T13:51:40","modified_gmt":"2023-01-19T12:51:40","slug":"ogloszenia-iii-niedziela-zwykla-22-01-2023-r","status":"publish","type":"post","link":"https:\/\/parafiazalesie.org\/index.php\/2023\/01\/21\/ogloszenia-iii-niedziela-zwykla-22-01-2023-r\/","title":{"rendered":"OG\u0141OSZENIA III Niedziela zwyk\u0142a 22.01.2023 r."},"content":{"rendered":"<ol>\n<li><strong>Dzi\u015b<\/strong>:\n<ul>\n<li>obchodzimy w Ko\u015bciele Niedziel\u0119 S\u0142owa Bo\u017cego,<\/li>\n<li>o godz. 14:00 na <strong>Msz\u0119 \u015bw. kol\u0119dow\u0105<\/strong> zapraszamy mieszka\u0144c\u00f3w ulic: Sasanki, Daliowej, Konwalii, Azaliowej, Mieczykowej, Nasturcji, Stokrotek, Herberta.<\/li>\n<\/ul>\n<\/li>\n<li><strong>We wtorek <\/strong>24 stycznia:\n<ul>\n<li>wspomnienie \u015bw. Franciszka Salezego, biskupa, doktora Ko\u015bcio\u0142a.<\/li>\n<\/ul>\n<\/li>\n<li><strong>W \u015brod\u0119 <\/strong>25 stycznia:\n<ul>\n<li>\u015awi\u0119to Nawr\u00f3cenia \u015bw. Paw\u0142a Aposto\u0142a,<\/li>\n<li>po Mszy \u015bw. Nowenna do Matki Bo\u017cej Nieustaj\u0105cej Pomocy, Pani Zaleskiej. Zach\u0119camy do pisania podzi\u0119kowa\u0144 i pr\u00f3\u015bb za wstawiennictwem Matki Bo\u017cej,<\/li>\n<li>po Nowennie adoracja Naj\u015bwi\u0119tszego Sakramentu do godz. 20:00.<\/li>\n<\/ul>\n<\/li>\n<li><strong>W czwartek <\/strong>26 stycznia:\n<ul>\n<li>wspomnienie \u015bw. Tymoteusza i Tytusa, biskup\u00f3w.<\/li>\n<\/ul>\n<\/li>\n<li><strong>W pi\u0105tek <\/strong>27 stycznia:\n<ul>\n<li>od godz. 17.00 do Mszy \u015bw. wieczornej adoracja Naj\u015bwi\u0119tszego Sakramentu.<\/li>\n<\/ul>\n<\/li>\n<li><strong>W sobot\u0119 <\/strong>28 stycznia:\n<ul>\n<li>wspomnienie \u015bw. Tomasza z Akwinu, kap\u0142ana, doktora Ko\u015bcio\u0142a.<\/li>\n<\/ul>\n<\/li>\n<li><strong>W niedziel\u0119<\/strong> 29 stycznia:\n<ul>\n<li>R\u00f3\u017caniec poprowadzi R\u00f3\u017ca \u015bw. Jadwigi Kr\u00f3lowej,<\/li>\n<li>o godz. 12:00 Msza \u015bw. z udzia\u0142em dzieci,<\/li>\n<li>o godz. 14:00 na <strong>Msz\u0119 \u015bw. kol\u0119dow\u0105<\/strong> zapraszamy mieszka\u0144c\u00f3w ulic: Wieniawskiego, S\u0142onecznikowej, Pelargonii, Go\u017adzikowej, Storczykowej, Be\u0142zy, Niezapominajek, Fio\u0142kowej.<\/li>\n<\/ul>\n<\/li>\n<li>Zach\u0119camy do pog\u0142\u0119biania wiedzy i wiary religijnej si\u0119gaj\u0105c do nowej prasy katolickiej.<\/li>\n<\/ol>\n<p><strong>SPOTKANIA:<\/strong><\/p>\n<ul>\n<li>Duszpasterstwo Akademickie \u201eGrota\u201d \u2013 poniedzia\u0142ek 19:00<\/li>\n<li>Ch\u00f3r \u201eCredo\u201d \u2013 wtorek 18:00<\/li>\n<\/ul>\n","protected":false},"excerpt":{"rendered":"<p>Dzi\u015b: obchodzimy w Ko\u015bciele Niedziel\u0119 S\u0142owa Bo\u017cego, o godz. 14:00 na Msz\u0119 \u015bw. kol\u0119dow\u0105 zapraszamy mieszka\u0144c\u00f3w ulic: Sasanki, Daliowej, Konwalii, Azaliowej, Mieczykowej, Nasturcji, Stokrotek, Herberta. We wtorek 24 stycznia: wspomnienie \u015bw. Franciszka Salezego, biskupa, doktora Ko\u015bcio\u0142a. W \u015brod\u0119 25 stycznia: \u015awi\u0119to Nawr\u00f3cenia \u015bw. Paw\u0142a Aposto\u0142a, po Mszy \u015bw. Nowenna do Matki Bo\u017cej Nieustaj\u0105cej Pomocy, Pani <a class=\"read-more\" href=\"https:\/\/parafiazalesie.org\/index.php\/2023\/01\/21\/ogloszenia-iii-niedziela-zwykla-22-01-2023-r\/\"><\/p>\n<p>Zobacz wi\u0119cej<\/a><\/p>\n","protected":false},"author":1,"featured_media":1031,"comment_status":"closed","ping_status":"closed","sticky":false,"template":"","format":"standard","meta":{"ngg_post_thumbnail":0,"footnotes":""},"categories":[3],"tags":[],"class_list":["post-1030","post","type-post","status-publish","format-standard","has-post-thumbnail","hentry","category-ogloszenia"],"_links":{"self":[{"href":"https:\/\/parafiazalesie.org\/index.php\/wp-json\/wp\/v2\/posts\/1030","targetHints":{"allow":["GET"]}}],"collection":[{"href":"https:\/\/parafiazalesie.org\/index.php\/wp-json\/wp\/v2\/posts"}],"about":[{"href":"https:\/\/parafiazalesie.org\/index.php\/wp-json\/wp\/v2\/types\/post"}],"author":[{"embeddable":true,"href":"https:\/\/parafiazalesie.org\/index.php\/wp-json\/wp\/v2\/users\/1"}],"replies":[{"embeddable":true,"href":"https:\/\/parafiazalesie.org\/index.php\/wp-json\/wp\/v2\/comments?post=1030"}],"version-history":[{"count":0,"href":"https:\/\/parafiazalesie.org\/index.php\/wp-json\/wp\/v2\/posts\/1030\/revisions"}],"wp:featuredmedia":[{"embeddable":true,"href":"https:\/\/parafiazalesie.org\/index.php\/wp-json\/wp\/v2\/media\/1031"}],"wp:attachment":[{"href":"https:\/\/parafiazalesie.org\/index.php\/wp-json\/wp\/v2\/media?parent=1030"}],"wp:term":[{"taxonomy":"category","embeddable":true,"href":"https:\/\/parafiazalesie.org\/index.php\/wp-json\/wp\/v2\/categories?post=1030"},{"taxonomy":"post_tag","embeddable":true,"href":"https:\/\/parafiazalesie.org\/index.php\/wp-json\/wp\/v2\/tags?post=1030"}],"curies":[{"name":"wp","href":"https:\/\/api.w.org\/{rel}","templated":true}]}}