{"id":103,"date":"2021-03-28T15:59:22","date_gmt":"2021-03-28T13:59:22","guid":{"rendered":"https:\/\/parafiazalesie.org\/?p=103"},"modified":"2021-03-28T15:59:22","modified_gmt":"2021-03-28T13:59:22","slug":"abp-zvolensky-wladza-ograniczyla-wolnosc-religijna","status":"publish","type":"post","link":"https:\/\/parafiazalesie.org\/index.php\/2021\/03\/28\/abp-zvolensky-wladza-ograniczyla-wolnosc-religijna\/","title":{"rendered":"Abp Zvolensk\u00fd: W\u0142adza ograniczy\u0142a wolno\u015b\u0107 religijn\u0105"},"content":{"rendered":"<h3 class=\"quote\">\u201eW\u0142adza wykonawcza w kraju w niew\u0142a\u015bciwy spos\u00f3b ograniczy\u0142a wolno\u015b\u0107 religijn\u0105\u201d \u2013 stwierdzi\u0142 przewodnicz\u0105cy Konferencji Biskup\u00f3w S\u0142owacji, abp Stanislav Zvolensk\u00fd. Metropolita bratys\u0142awski skierowa\u0142 list do ministra finans\u00f3w i i tymczasowo kieruj\u0105cego ministerstwem zdrowia, Eduarda Hegera.<\/h3>\n<p data-wtg-lazy=\"0\">Przewodnicz\u0105cy episkopatu podkre\u015bli\u0142, \u017ce od chwili wybuchu\u00a0<a href=\"https:\/\/www.ekai.pl\/koronawirus\/\">pandemii<\/a>\u00a0Ko\u015bci\u00f3\u0142 czyni wszystko, co w jego mocy, aby pom\u00f3c pa\u0144stwu w walce z pandemi\u0105. Niestety jednak jego dotychczasowe pro\u015bby o najbardziej podstawow\u0105 przestrze\u0144 dla pos\u0142ugi duchowej nie przynios\u0142y rezultatu. Ze wzgl\u0119du na problemy polityczne nie dosz\u0142o tak\u017ce do osobistego spotkania z premierem. \u201eW\u0142adza wykonawcza w kraju w niew\u0142a\u015bciwy spos\u00f3b ograniczy\u0142a wolno\u015b\u0107 religijn\u0105\u201d \u2013 stwierdzi\u0142 abp Zvolensk\u00fd, odnosz\u0105c si\u0119 do zamkni\u0119cia ko\u015bcio\u0142\u00f3w dla wiernych.<\/p>\n<p data-wtg-lazy=\"1\">Metropolita bratys\u0142awski zaznaczy\u0142, \u017ce Ko\u015bci\u00f3\u0142 powstrzymywa\u0142 si\u0119 dotychczas od krytyki w\u0142adz, chc\u0105c unikn\u0105\u0107 demobilizacji energii spo\u0142ecznej, potrzebnej w walce z pandemi\u0105. Nie spos\u00f3b jednak dalej milcze\u0107 w obliczu ignorowania podstawowych \u017c\u0105da\u0144 Ko\u015bcio\u0142a i ludzi wierz\u0105cych. Wskaza\u0142 na paradoks, kiedy nikomu nie przeszkadza, \u017ce ludzie stoj\u0105 obok siebie w \u015brodkach transportu, sklepach, aptekach, liniach produkcyjnych czy kolejkach do bada\u0144, ale przez szereg miesi\u0119cy nie mog\u0105 legalnie przybywa\u0107 do ko\u015bcio\u0142a. W imieniu episkopatu stwierdzi\u0142: \u201ezdecydowanie nie zgadzamy si\u0119 z nadmiern\u0105 ingerencj\u0105 pa\u0144stwa w \u017cycie religijne w kraju i jeste\u015bmy przekonani, \u017ce istnieje nieproporcjonalne ograniczenie wolno\u015bci religijnej, kt\u00f3r\u0105 nale\u017cy \u2013 w odpowiednim zakresie \u2013 uszanowa\u0107 nawet w stanie wyj\u0105tkowym\u201d.<\/p>\n<p data-wtg-lazy=\"2\">Abp Zvolensk\u00fd wskaza\u0142 na konkretne przyk\u0142ady zaanga\u017cowania instytucji ko\u015bcielnych w walk\u0119 z pandemi\u0105 i stwierdzi\u0142: \u201eodmowa zagwarantowania cho\u0107by indywidualnej opieki duszpasterskiej \u2013 i przynajmniej minimalnej mo\u017cliwo\u015bci kultu publicznego, wyznaczonej przez precyzyjne regu\u0142y, jest dla nas wielkim rozczarowaniem\u201d. Przypomnia\u0142, \u017ce tak\u0105 szans\u0119 dano wiernym w krajach s\u0105siednich, a w kilku krajach s\u0105dy uzna\u0142y ju\u017c ingerencj\u0119 pa\u0144stwa w wolno\u015b\u0107 wyznania za nielegaln\u0105 lub nieproporcjonaln\u0105. \u201eCho\u0107 z naszej strony nie podj\u0119li\u015bmy takich krok\u00f3w prawnych, wzywamy rz\u0105d do nale\u017cytego poszanowania wolno\u015bci religijnej i uwzgl\u0119dnienia duchowych potrzeb mieszka\u0144c\u00f3w\u201d \u2013 napisa\u0142 przewodnicz\u0105cy Konferencji Biskup\u00f3w\u00a0<a href=\"https:\/\/ekai.pl\/?s=S%C5%82owacja\">S\u0142owacji<\/a>.<\/p>\n<p data-wtg-lazy=\"2\">\u0179r\u00f3d\u0142o: eKAI<\/p>\n<blockquote class=\"wp-embedded-content\" data-secret=\"iUJ5vhFk1p\"><p><a href=\"https:\/\/www.ekai.pl\/abp-zvolensky-wladza-ograniczyla-wolnosc-religijna\/\">Abp Zvolensk\u00fd: W\u0142adza ograniczy\u0142a wolno\u015b\u0107 religijn\u0105<\/a><\/p><\/blockquote>\n<p><iframe loading=\"lazy\" class=\"wp-embedded-content\" sandbox=\"allow-scripts\" security=\"restricted\" style=\"position: absolute; clip: rect(1px, 1px, 1px, 1px);\" title=\"&#8222;Abp Zvolensk\u00fd: W\u0142adza ograniczy\u0142a wolno\u015b\u0107 religijn\u0105&#8221; &#8212; eKAI\" src=\"https:\/\/www.ekai.pl\/abp-zvolensky-wladza-ograniczyla-wolnosc-religijna\/embed\/#?secret=iUJ5vhFk1p\" data-secret=\"iUJ5vhFk1p\" width=\"600\" height=\"338\" frameborder=\"0\" marginwidth=\"0\" marginheight=\"0\" scrolling=\"no\"><\/iframe><\/p>\n","protected":false},"excerpt":{"rendered":"<p>\u201eW\u0142adza wykonawcza w kraju w niew\u0142a\u015bciwy spos\u00f3b ograniczy\u0142a wolno\u015b\u0107 religijn\u0105\u201d \u2013 stwierdzi\u0142 przewodnicz\u0105cy Konferencji Biskup\u00f3w S\u0142owacji, abp Stanislav Zvolensk\u00fd. Metropolita bratys\u0142awski skierowa\u0142 list do ministra finans\u00f3w i i tymczasowo kieruj\u0105cego ministerstwem zdrowia, Eduarda Hegera. Przewodnicz\u0105cy episkopatu podkre\u015bli\u0142, \u017ce od chwili wybuchu\u00a0pandemii\u00a0Ko\u015bci\u00f3\u0142 czyni wszystko, co w jego mocy, aby pom\u00f3c pa\u0144stwu w walce z pandemi\u0105. Niestety <a class=\"read-more\" href=\"https:\/\/parafiazalesie.org\/index.php\/2021\/03\/28\/abp-zvolensky-wladza-ograniczyla-wolnosc-religijna\/\"><\/p>\n<p>Zobacz wi\u0119cej<\/a><\/p>\n","protected":false},"author":1,"featured_media":104,"comment_status":"open","ping_status":"open","sticky":false,"template":"","format":"standard","meta":{"ngg_post_thumbnail":0,"footnotes":""},"categories":[6],"tags":[],"class_list":["post-103","post","type-post","status-publish","format-standard","has-post-thumbnail","hentry","category-aktualnosci"],"_links":{"self":[{"href":"https:\/\/parafiazalesie.org\/index.php\/wp-json\/wp\/v2\/posts\/103","targetHints":{"allow":["GET"]}}],"collection":[{"href":"https:\/\/parafiazalesie.org\/index.php\/wp-json\/wp\/v2\/posts"}],"about":[{"href":"https:\/\/parafiazalesie.org\/index.php\/wp-json\/wp\/v2\/types\/post"}],"author":[{"embeddable":true,"href":"https:\/\/parafiazalesie.org\/index.php\/wp-json\/wp\/v2\/users\/1"}],"replies":[{"embeddable":true,"href":"https:\/\/parafiazalesie.org\/index.php\/wp-json\/wp\/v2\/comments?post=103"}],"version-history":[{"count":0,"href":"https:\/\/parafiazalesie.org\/index.php\/wp-json\/wp\/v2\/posts\/103\/revisions"}],"wp:featuredmedia":[{"embeddable":true,"href":"https:\/\/parafiazalesie.org\/index.php\/wp-json\/wp\/v2\/media\/104"}],"wp:attachment":[{"href":"https:\/\/parafiazalesie.org\/index.php\/wp-json\/wp\/v2\/media?parent=103"}],"wp:term":[{"taxonomy":"category","embeddable":true,"href":"https:\/\/parafiazalesie.org\/index.php\/wp-json\/wp\/v2\/categories?post=103"},{"taxonomy":"post_tag","embeddable":true,"href":"https:\/\/parafiazalesie.org\/index.php\/wp-json\/wp\/v2\/tags?post=103"}],"curies":[{"name":"wp","href":"https:\/\/api.w.org\/{rel}","templated":true}]}}