{"id":1026,"date":"2023-01-20T09:16:53","date_gmt":"2023-01-20T08:16:53","guid":{"rendered":"https:\/\/parafiazalesie.org\/?p=1026"},"modified":"2023-01-18T09:19:01","modified_gmt":"2023-01-18T08:19:01","slug":"intencje-mszalne-23-29-01-2023r","status":"publish","type":"post","link":"https:\/\/parafiazalesie.org\/index.php\/2023\/01\/20\/intencje-mszalne-23-29-01-2023r\/","title":{"rendered":"INTENCJE MSZALNE 23 \u2013 29.01.2023r."},"content":{"rendered":"<table width=\"744\">\n<tbody>\n<tr>\n<td rowspan=\"2\" width=\"108\">\n<p>23.01.2023r.<\/p>\n<p>Poniedzia\u0142ek<\/p>\n<\/td>\n<td width=\"48\">\n<p>7.00<\/p>\n<\/td>\n<td width=\"588\">\n<p>1. + Stanis\u0142aw Pilch \u2013 z int. Kazimierza Rupa<br \/>\n2. + Edward Weso\u0142owski \u2013 z int. Kazimierza Ku\u017aniar<br \/>\n3. + J\u00f3zefa (f) Szela w 11r. \u015bmierci<br \/>\n4. + Piotr K\u0119dzior \u2013 z int. rodziny Byczkowskich z ul. Niezapominajek<\/p>\n<\/td>\n<\/tr>\n<tr>\n<td width=\"48\">\n<p>18.00<\/p>\n<\/td>\n<td width=\"588\">\n<p>1. + Andrzej Rak gr.23<br \/>\n2. + Maria Filipek \u2013 z int. siostrzenicy Moniki<\/p>\n<\/td>\n<\/tr>\n<tr>\n<td rowspan=\"2\" width=\"108\">\n<p>24.01.2023r.<\/p>\n<p>Wtorek<\/p>\n<\/td>\n<td width=\"48\">\n<p>7.00<\/p>\n<\/td>\n<td width=\"588\">\n<p>1. + Stanis\u0142aw Pilch \u2013 z int, Bogdana Rupa z Rodzin\u0105<br \/>\n2. + Edward Weso\u0142owski \u2013 z int. Barbary i Zdzis\u0142awa Wo\u017any<br \/>\n3. + Henryk Siewierski \u2013 z int. Ewy Pa\u0142ka z Rodzin\u0105<br \/>\n4. + Piotr K\u0119dzior \u2013 z int. Anny Gorlickiej<\/p>\n<\/td>\n<\/tr>\n<tr>\n<td width=\"48\">\n<p>18.00<\/p>\n<\/td>\n<td width=\"588\">\n<p>1. + Andrzej Rak gr.24<br \/>\n2. + Maria Filipek \u2013 z int. siostrzenicy Kasi z Rodzin\u0105<br \/>\n<em>3. + Zbigniew Rak \u2013 z int. s\u0105siad\u00f3w Rydz\u00f3w (poza parafi\u0105) <\/em><\/p>\n<\/td>\n<\/tr>\n<tr>\n<td rowspan=\"2\" width=\"108\">\n<p>25.01.2023r.<\/p>\n<p>\u015aroda<\/p>\n<\/td>\n<td width=\"48\">\n<p>7.00<\/p>\n<\/td>\n<td width=\"588\">\n<p>1. + Stanis\u0142aw Pilch \u2013 z int. Bo\u017ceny i Janusza Bem z Rodzin\u0105<br \/>\n2. + Maria Filipek \u2013 z int. rodziny Pachnickich<br \/>\n3. + Piotr K\u0119dzior \u2013 z int. rodziny Oczosi\u00f3w i Uliasz<br \/>\n4. + Artur<\/p>\n<\/td>\n<\/tr>\n<tr>\n<td width=\"48\">\n<p>18.00<\/p>\n<\/td>\n<td width=\"588\">\n<p>1. + Andrzej Rak gr.25<br \/>\n2. + Edward Weso\u0142owski \u2013 z int. siostry Reginy<\/p>\n<\/td>\n<\/tr>\n<tr>\n<td rowspan=\"2\" width=\"108\">\n<p>26.01.2023r.<\/p>\n<p>Czwartek<\/p>\n<\/td>\n<td width=\"48\">\n<p>7.00<\/p>\n<\/td>\n<td width=\"588\">\n<p>1. O \u0142ask\u0119 zdrowia dla J\u00f3zefa \u2013 z int. \u017cony<br \/>\n2. + Stanis\u0142aw Pilch \u2013 z int. Adama Szczepanika z Rodzin\u0105<br \/>\n3. + Maria Filipek \u2013 z int. rodzimy Krzywonos i Ma\u0142gosi<br \/>\n4. + Piotr K\u0119dzior \u2013 z int. koleg\u00f3w z osiedla<\/p>\n<\/td>\n<\/tr>\n<tr>\n<td width=\"48\">\n<p>18.00<\/p>\n<\/td>\n<td width=\"588\">\n<p>1. + Andrzej Rak gr.26<br \/>\n2. + Stanis\u0142awa (f) Rze\u017anikiewicz \u2013 z int. pracownik\u00f3w Sanepidu<\/p>\n<\/td>\n<\/tr>\n<tr>\n<td rowspan=\"2\" width=\"108\">\n<p>27.01.2023r.<\/p>\n<p>Pi\u0105tek<\/p>\n<\/td>\n<td width=\"48\">\n<p>7.00<\/p>\n<\/td>\n<td width=\"588\">\n<p>1. + Stanis\u0142aw Pilch \u2013 z int. Danuty i Kazimierza Lisowicz z Rodzin\u0105<br \/>\n2. + Piotr K\u0119dzior \u2013 z int. Klaudii, Lucyny i Krzysztofa<br \/>\n3. + Henryk Siewierski \u2013 z int. Zyty Franczyk z Rodzin\u0105<br \/>\n4. + Edward Weso\u0142owski \u2013 z int. rodziny z Krasnego<\/p>\n<\/td>\n<\/tr>\n<tr>\n<td width=\"48\">\n<p>18.00<\/p>\n<\/td>\n<td width=\"588\">\n<p>1. + Andrzej Rak gr.27<br \/>\n2. + Maria Filipek \u2013 z int. rodziny Pilch\u00f3w i Za\u0142uskich<br \/>\n<em>3. + Zbigniew Rak \u2013 z int. s\u0105siadki Janiny Kornak z Rodzin\u0105 (poza parafi\u0105) <\/em><\/p>\n<\/td>\n<\/tr>\n<tr>\n<td rowspan=\"2\" width=\"108\">\n<p>28.01.2023r.<\/p>\n<p>Sobota<\/p>\n<\/td>\n<td width=\"48\">\n<p>7.00<\/p>\n<\/td>\n<td width=\"588\">\n<p>1. O powr\u00f3t do zdrowia dla siostry Stefanii \u2013 z int. R\u00f3\u017cy b\u0142. El\u017cbiety R\u00f3\u017cy Czackiej<br \/>\n2. + Maria Filipek \u2013 z int. chrze\u015bnicy Agnieszki z Rodzin\u0105<br \/>\n3. + Piotr K\u0119dzior \u2013 z int. J\u00f3zefa i Zdzis\u0142awy Malik<br \/>\n4. + Edward Weso\u0142owski \u2013 z int. rodziny Wi\u0119cek i P\u0119cek<\/p>\n<\/td>\n<\/tr>\n<tr>\n<td width=\"48\">\n<p>18.00<\/p>\n<\/td>\n<td width=\"588\">\n<p>1. + Andrzej Rak gr.28<br \/>\n2. + Stanis\u0142aw Pilch \u2013 z int. szwagra Mariana z Rodzin\u0105<\/p>\n<\/td>\n<\/tr>\n<tr>\n<td rowspan=\"6\" width=\"108\">\n<p>29.01.2023r.<\/p>\n<p>Niedziela<\/p>\n<\/td>\n<td width=\"48\">\n<p>7.00<\/p>\n<\/td>\n<td width=\"588\">\n<p>1. Za Parafian<br \/>\n2. ++ Edward i Wiktor Weso\u0142owscy \u2013 z int. Ma\u0142gorzaty<\/p>\n<\/td>\n<\/tr>\n<tr>\n<td width=\"48\">\n<p>9.00<\/p>\n<\/td>\n<td width=\"588\">\n<p>+ Andrzej Rak gr.29<\/p>\n<\/td>\n<\/tr>\n<tr>\n<td width=\"48\">\n<p>10.30<\/p>\n<\/td>\n<td width=\"588\">\n<p>+ Stanis\u0142aw Pilch \u2013 z int. szwagra Jana z \u017con\u0105 i dzie\u0107mi<\/p>\n<\/td>\n<\/tr>\n<tr>\n<td width=\"48\">\n<p>12.00<\/p>\n<\/td>\n<td width=\"588\">\n<p>+ Piotr K\u0119dzior \u2013 z int. kole\u017canek i koleg\u00f3w z klasy licealnej<\/p>\n<\/td>\n<\/tr>\n<tr>\n<td width=\"48\">\n<p>14.00<\/p>\n<\/td>\n<td width=\"588\">\n<p>O Bo\u017ce b\u0142ogos\u0142awie\u0144stwo i opiek\u0119 Matki Bo\u017cej Zaleskiej w nowym roku dla mieszka\u0144c\u00f3w z ul. Wieniawskiego, S\u0142onecznikowej, Pelargonii, Go\u017adzikowej, Storczykowej, Be\u0142zy, Niezapominajek i Fio\u0142kowej.<\/p>\n<\/td>\n<\/tr>\n<tr>\n<td width=\"48\">\n<p>17.00<\/p>\n<\/td>\n<td width=\"588\">\n<p>+ Maria Filipek \u2013 z int. rodziny \u015amiechowskich<\/p>\n<\/td>\n<\/tr>\n<\/tbody>\n<\/table>\n<p>&nbsp;<\/p>\n","protected":false},"excerpt":{"rendered":"<p>23.01.2023r. Poniedzia\u0142ek 7.00 1. + Stanis\u0142aw Pilch \u2013 z int. Kazimierza Rupa 2. + Edward Weso\u0142owski \u2013 z int. Kazimierza Ku\u017aniar 3. + J\u00f3zefa (f) Szela w 11r. \u015bmierci 4. + Piotr K\u0119dzior \u2013 z int. rodziny Byczkowskich z ul. Niezapominajek 18.00 1. + Andrzej Rak gr.23 2. + Maria Filipek \u2013 z int. siostrzenicy <a class=\"read-more\" href=\"https:\/\/parafiazalesie.org\/index.php\/2023\/01\/20\/intencje-mszalne-23-29-01-2023r\/\"><\/p>\n<p>Zobacz wi\u0119cej<\/a><\/p>\n","protected":false},"author":1,"featured_media":111,"comment_status":"closed","ping_status":"closed","sticky":false,"template":"","format":"standard","meta":{"ngg_post_thumbnail":0,"footnotes":""},"categories":[5],"tags":[],"class_list":["post-1026","post","type-post","status-publish","format-standard","has-post-thumbnail","hentry","category-intencje"],"_links":{"self":[{"href":"https:\/\/parafiazalesie.org\/index.php\/wp-json\/wp\/v2\/posts\/1026","targetHints":{"allow":["GET"]}}],"collection":[{"href":"https:\/\/parafiazalesie.org\/index.php\/wp-json\/wp\/v2\/posts"}],"about":[{"href":"https:\/\/parafiazalesie.org\/index.php\/wp-json\/wp\/v2\/types\/post"}],"author":[{"embeddable":true,"href":"https:\/\/parafiazalesie.org\/index.php\/wp-json\/wp\/v2\/users\/1"}],"replies":[{"embeddable":true,"href":"https:\/\/parafiazalesie.org\/index.php\/wp-json\/wp\/v2\/comments?post=1026"}],"version-history":[{"count":0,"href":"https:\/\/parafiazalesie.org\/index.php\/wp-json\/wp\/v2\/posts\/1026\/revisions"}],"wp:featuredmedia":[{"embeddable":true,"href":"https:\/\/parafiazalesie.org\/index.php\/wp-json\/wp\/v2\/media\/111"}],"wp:attachment":[{"href":"https:\/\/parafiazalesie.org\/index.php\/wp-json\/wp\/v2\/media?parent=1026"}],"wp:term":[{"taxonomy":"category","embeddable":true,"href":"https:\/\/parafiazalesie.org\/index.php\/wp-json\/wp\/v2\/categories?post=1026"},{"taxonomy":"post_tag","embeddable":true,"href":"https:\/\/parafiazalesie.org\/index.php\/wp-json\/wp\/v2\/tags?post=1026"}],"curies":[{"name":"wp","href":"https:\/\/api.w.org\/{rel}","templated":true}]}}