{"id":1023,"date":"2023-01-12T13:23:53","date_gmt":"2023-01-12T12:23:53","guid":{"rendered":"https:\/\/parafiazalesie.org\/?p=1023"},"modified":"2023-01-12T13:23:53","modified_gmt":"2023-01-12T12:23:53","slug":"ogloszenia-ii-niedziela-zwykla-15-01-2023-r","status":"publish","type":"post","link":"https:\/\/parafiazalesie.org\/index.php\/2023\/01\/12\/ogloszenia-ii-niedziela-zwykla-15-01-2023-r\/","title":{"rendered":"OG\u0141OSZENIA  II Niedziela Zwyk\u0142a (15.01.2023 r.)"},"content":{"rendered":"<ol>\n<li><strong>Dzi\u015b<\/strong>\n<ul>\n<li>o godz. 14:00 na <strong>Msz\u0119 \u015bw. kol\u0119dow\u0105<\/strong> zapraszamy mieszka\u0144c\u00f3w ulic: Irysowej, Frezji, Bernackiego, Bernackiego \u2013 szereg\u00f3wki, Dunikowskiego, Dunikowskiego \u2013 bloki, Forsycji, Forsycji \u2013 bloki<strong>.<\/strong><\/li>\n<\/ul>\n<\/li>\n<li><strong>We wtorek<\/strong> 17 stycznia:\n<ul>\n<li>wspomnienie \u015bw. Antoniego, opata,<\/li>\n<\/ul>\n<\/li>\n<li><strong>W \u015brod\u0119<\/strong> 18 stycznia:\n<ul>\n<li>po Mszy \u015bw. Nowenna do Matki Bo\u017cej Nieustaj\u0105cej Pomocy, Pani Zaleskiej,<\/li>\n<li>po Nowennie Adoracja Naj\u015bwi\u0119tszego Sakramentu do godz. 20:00.<\/li>\n<\/ul>\n<\/li>\n<li><strong>W czwartek <\/strong>19 stycznia:\n<ul>\n<li>uroczysto\u015b\u0107 \u015bw. J\u00f3zefa Sebastiana Pelczara, biskupa \u2013 g\u0142\u00f3wnego patrona diecezji rzeszowskiej.<\/li>\n<\/ul>\n<\/li>\n<li><strong>W pi\u0105tek<\/strong> 20 stycznia<strong>:<\/strong>\n<ul>\n<li>od godz. 17:00 adoracja Naj\u015bwi\u0119tszego Sakramentu.<\/li>\n<\/ul>\n<\/li>\n<li><strong>W sobot\u0119 <\/strong>21 stycznia:\n<ul>\n<li>wspomnienie \u015bw. Agnieszki, dziewicy i m\u0119czennicy<strong>.<\/strong><\/li>\n<\/ul>\n<\/li>\n<li><strong>W niedziel\u0119 <\/strong>22 stycznia:\n<ul>\n<li>Niedziela S\u0142owa Bo\u017cego ustanowiona przez Ojca \u015awi\u0119tego Franciszka<\/li>\n<li>modlitw\u0119 r\u00f3\u017ca\u0144cow\u0105 poprowadzi R\u00f3\u017ca \u015bw. Urszuli Led\u00f3chowskiej,<\/li>\n<li>o godz. 12:00 Msza \u015bw. z udzia\u0142em dzieci,<\/li>\n<li>o godz. 14:00 na<strong> Msz\u0119 \u015bw. kol\u0119dow\u0105<\/strong> zapraszamy mieszka\u0144c\u00f3w ulic: Sasanki, Daliowej, Konwalii, Azaliowej, Mieczykowej, Nasturcji, Stokrotek, Herberta,<\/li>\n<li>po Mszy \u015bw. o godz. 17:00 modlitwa za wstawiennictwem \u015bw. Jana Paw\u0142a II \u2013 Nabo\u017ce\u0144stwo podzi\u0119kowa\u0144 i pr\u00f3\u015bb.<\/li>\n<\/ul>\n<\/li>\n<li><strong>W niedziel\u0119<\/strong> 29 stycznia:\n<ul>\n<li>o godz. 14:00 na <strong>Msz\u0119 \u015bw. kol\u0119dow\u0105<\/strong> zapraszamy mieszka\u0144c\u00f3w ulic: Wieniawskiego, S\u0142onecznikowej, Pelargonii, Go\u017adzikowej, Storczykowej, Be\u0142zy, Niezapominajek, Fio\u0142kowej.<\/li>\n<\/ul>\n<\/li>\n<li>Dzieciom i m\u0142odzie\u017cy na czas rozpoczynaj\u0105cych si\u0119 ferii zimowych \u017cyczymy b\u0142ogos\u0142awie\u0144stwa Bo\u017cego, pi\u0119knych przyg\u00f3d, pe\u0142nego wypoczynku i powrotu w zdrowiu do szko\u0142y. Nie zapomnijcie o modlitwie i uczestnictwie we Mszy \u015aw. niedzielnej.<\/li>\n<li>Si\u0119gnijmy po dobr\u0105 pras\u0119 katolick\u0105.<\/li>\n<li>Za ofiary dzi\u015b z\u0142o\u017cone na inwestycje w ko\u015bciele sk\u0142adamy serdeczne \u2013 B\u00f3g zap\u0142a\u0107.<\/li>\n<\/ol>\n<p>Spotkania<\/p>\n<ul>\n<li><strong>Duszpasterstwo Akademickie &#8222;Grota&#8221;<\/strong> &#8211; poniedzia\u0142ek 19:00<\/li>\n<li><strong>Ch\u00f3r \u201eCREDO\u201d \u2013 <\/strong>wtorek 18:00<\/li>\n<\/ul>\n<p>&nbsp;<\/p>\n","protected":false},"excerpt":{"rendered":"<p>Dzi\u015b o godz. 14:00 na Msz\u0119 \u015bw. kol\u0119dow\u0105 zapraszamy mieszka\u0144c\u00f3w ulic: Irysowej, Frezji, Bernackiego, Bernackiego \u2013 szereg\u00f3wki, Dunikowskiego, Dunikowskiego \u2013 bloki, Forsycji, Forsycji \u2013 bloki. We wtorek 17 stycznia: wspomnienie \u015bw. Antoniego, opata, W \u015brod\u0119 18 stycznia: po Mszy \u015bw. Nowenna do Matki Bo\u017cej Nieustaj\u0105cej Pomocy, Pani Zaleskiej, po Nowennie Adoracja Naj\u015bwi\u0119tszego Sakramentu do godz. <a class=\"read-more\" href=\"https:\/\/parafiazalesie.org\/index.php\/2023\/01\/12\/ogloszenia-ii-niedziela-zwykla-15-01-2023-r\/\"><\/p>\n<p>Zobacz wi\u0119cej<\/a><\/p>\n","protected":false},"author":1,"featured_media":1024,"comment_status":"closed","ping_status":"closed","sticky":false,"template":"","format":"standard","meta":{"ngg_post_thumbnail":0,"footnotes":""},"categories":[3],"tags":[],"class_list":["post-1023","post","type-post","status-publish","format-standard","has-post-thumbnail","hentry","category-ogloszenia"],"_links":{"self":[{"href":"https:\/\/parafiazalesie.org\/index.php\/wp-json\/wp\/v2\/posts\/1023","targetHints":{"allow":["GET"]}}],"collection":[{"href":"https:\/\/parafiazalesie.org\/index.php\/wp-json\/wp\/v2\/posts"}],"about":[{"href":"https:\/\/parafiazalesie.org\/index.php\/wp-json\/wp\/v2\/types\/post"}],"author":[{"embeddable":true,"href":"https:\/\/parafiazalesie.org\/index.php\/wp-json\/wp\/v2\/users\/1"}],"replies":[{"embeddable":true,"href":"https:\/\/parafiazalesie.org\/index.php\/wp-json\/wp\/v2\/comments?post=1023"}],"version-history":[{"count":0,"href":"https:\/\/parafiazalesie.org\/index.php\/wp-json\/wp\/v2\/posts\/1023\/revisions"}],"wp:featuredmedia":[{"embeddable":true,"href":"https:\/\/parafiazalesie.org\/index.php\/wp-json\/wp\/v2\/media\/1024"}],"wp:attachment":[{"href":"https:\/\/parafiazalesie.org\/index.php\/wp-json\/wp\/v2\/media?parent=1023"}],"wp:term":[{"taxonomy":"category","embeddable":true,"href":"https:\/\/parafiazalesie.org\/index.php\/wp-json\/wp\/v2\/categories?post=1023"},{"taxonomy":"post_tag","embeddable":true,"href":"https:\/\/parafiazalesie.org\/index.php\/wp-json\/wp\/v2\/tags?post=1023"}],"curies":[{"name":"wp","href":"https:\/\/api.w.org\/{rel}","templated":true}]}}