{"id":1021,"date":"2023-01-12T09:24:54","date_gmt":"2023-01-12T08:24:54","guid":{"rendered":"https:\/\/parafiazalesie.org\/?p=1021"},"modified":"2023-01-12T09:24:54","modified_gmt":"2023-01-12T08:24:54","slug":"intencje-mszalne-16-22-01-2023r","status":"publish","type":"post","link":"https:\/\/parafiazalesie.org\/index.php\/2023\/01\/12\/intencje-mszalne-16-22-01-2023r\/","title":{"rendered":"INTENCJE MSZALNE  16 \u2013 22.01.2023r."},"content":{"rendered":"<table width=\"744\">\n<tbody>\n<tr>\n<td rowspan=\"2\" width=\"108\">\n<p>16.01.2023r.<\/p>\n<p>Poniedzia\u0142ek<\/p>\n<\/td>\n<td width=\"48\">\n<p>7.00<\/p>\n<\/td>\n<td width=\"588\">\n<p>1. + Andrzej Rak gr.16<br \/>\n2. + Janina Jasek w 4r. \u015bmierci<br \/>\n3. + Aleksandra (f) \u2013 z int. s\u0105siad\u00f3w z ul. Stokrotek<br \/>\n4. + Piotr K\u0119dzior \u2013 z int. Zarz\u0105du i pracownik\u00f3w sp\u00f3\u0142ki Ja\u015bmin<\/p>\n<\/td>\n<\/tr>\n<tr>\n<td width=\"48\">\n<p>18.00<\/p>\n<\/td>\n<td width=\"588\">\n<p>1. + Stanis\u0142aw Pilch \u2013 z int. syna Karola<br \/>\n2. + Maria Filipek \u2013 z int. R\u00f3\u017cy \u015bw. Urszuli Led\u00f3chowskiej (Ewy Pawlik)<\/p>\n<\/td>\n<\/tr>\n<tr>\n<td rowspan=\"2\" width=\"108\">\n<p>17.01.2023r.<\/p>\n<p>Wtorek<\/p>\n<\/td>\n<td width=\"48\">\n<p>7.00<\/p>\n<\/td>\n<td width=\"588\">\n<p>1. + Andrzej Rak gr.17<br \/>\n2. + Maria Filipek \u2013 z int. Antoniny Ha\u0142dys z Rodzin\u0105<br \/>\n3. + Stanis\u0142aw Pilch \u2013 z int. rodziny Czaj\u00f3w<br \/>\n4. ++ J\u00f3zefa (f) i Bronis\u0142aw Krawiec<\/p>\n<\/td>\n<\/tr>\n<tr>\n<td width=\"48\">\n<p>18.00<\/p>\n<\/td>\n<td width=\"588\">\n<p>1. + Piotr K\u0119dzior \u2013 z int. rodziny Nizio\u0142\u00f3w<br \/>\n2. + Stanis\u0142awa (f) Rze\u017anikiewicz \u2013 z int. pracownik\u00f3w Sanepidu<br \/>\n<em>3. + Zbigniew Rak \u2013 z int. Zofii i Adama Delekta (poza parafi\u0105)<\/em><\/p>\n<\/td>\n<\/tr>\n<tr>\n<td rowspan=\"2\" width=\"108\">\n<p>18.01.2023r.<\/p>\n<p>\u015aroda<\/p>\n<\/td>\n<td width=\"48\">\n<p>7.00<\/p>\n<\/td>\n<td width=\"588\">\n<p>1. + Andrzej Rak gr.18<br \/>\n2. + Maria Filipek \u2013 z int. s\u0105siad\u00f3w Stawickich<br \/>\n3. + Piotr K\u0119dzior \u2013 z int. wsp\u00f3\u0142pracownik\u00f3w i wolontariuszy Fundacji Promyk<br \/>\n4. + Franciszek w 20r. \u015bmierci<\/p>\n<\/td>\n<\/tr>\n<tr>\n<td width=\"48\">\n<p>18.00<\/p>\n<\/td>\n<td width=\"588\">\n<p>1. + Adam Rybka \u2013 z int. rodziny Hada\u0142a<br \/>\n2. + Stanis\u0142aw Pilch \u2013 z int. c\u00f3rki Beaty z m\u0119\u017cem i dzie\u0107mi<\/p>\n<\/td>\n<\/tr>\n<tr>\n<td rowspan=\"2\" width=\"108\">\n<p>19.01.2023r.<\/p>\n<p>Czwartek<\/p>\n<\/td>\n<td width=\"48\">\n<p>7.00<\/p>\n<\/td>\n<td width=\"588\">\n<p>1. + Andrzej Rak gr.19<br \/>\n2. + Maria Filipek \u2013 z int. Hani i rodziny P\u0142onk\u00f3w<br \/>\n3. + Stanis\u0142aw Pilch \u2013 z int. bratanicy Marii z c\u00f3rk\u0105 Korneli\u0105<br \/>\n4. + W\u0142adys\u0142aw S\u0105dej w 7r. \u015bmierci<\/p>\n<\/td>\n<\/tr>\n<tr>\n<td width=\"48\">\n<p>18.00<\/p>\n<\/td>\n<td width=\"588\">\n<p>1. + Piotr K\u0119dzior \u2013 z int. J\u00f3zefa K\u0119dziora<br \/>\n2. + Edward Weso\u0142owski \u2013 z int. brata Bogus\u0142awa z Rodzin\u0105<\/p>\n<\/td>\n<\/tr>\n<tr>\n<td rowspan=\"2\" width=\"108\">\n<p>20.01.2023r.<\/p>\n<p>Pi\u0105tek<\/p>\n<\/td>\n<td width=\"48\">\n<p>7.00<\/p>\n<\/td>\n<td width=\"588\">\n<p>1. + Andrzej Rak gr.20<br \/>\n2. + Maria Filipek \u2013 z int. rodziny Leniart<br \/>\n3. + Henryk Siewierski \u2013 z int. rodziny Wac\u0142aw<br \/>\n4. + Edward Weso\u0142owski \u2013 z int. Bo\u017ceny i Andrzeja Cyrnek<\/p>\n<\/td>\n<\/tr>\n<tr>\n<td width=\"48\">\n<p>18.00<\/p>\n<\/td>\n<td width=\"588\">\n<p>1. + Piotr K\u0119dzior \u2013 z int. Rafa\u0142a i Pauliny Wo\u015b<br \/>\n2. + Stanis\u0142aw Pilch \u2013 z int. brata Tadeusza z \u017con\u0105 Stanis\u0142aw\u0105<\/p>\n<\/td>\n<\/tr>\n<tr>\n<td rowspan=\"2\" width=\"108\">\n<p>21.01.2023r.<\/p>\n<p>Sobota<\/p>\n<\/td>\n<td width=\"48\">\n<p>7.00<\/p>\n<\/td>\n<td width=\"588\">\n<p>1. + Andrzej Rak gr.21<br \/>\n2. + Stanis\u0142aw Pilch \u2013 z int. Krzysztofa Rupa<br \/>\n3. + Piotr K\u0119dzior \u2013 z int. Zenona i Moniki Bialic<br \/>\n4. ++ Anna i J\u00f3zef Nowak<\/p>\n<\/td>\n<\/tr>\n<tr>\n<td width=\"48\">\n<p>18.00<\/p>\n<\/td>\n<td width=\"588\">\n<p>1. + Maria Filipek \u2013 z int. brata Kazimierza z Rodzin\u0105<br \/>\n2. ++ Joanna i Stanis\u0142aw Ha\u0142dys oraz Danuta i Tadeusz Antonik<br \/>\n3 + Agnieszka Kuna<\/p>\n<\/td>\n<\/tr>\n<tr>\n<td rowspan=\"6\" width=\"108\">\n<p>22.01.2023r.<\/p>\n<p>Niedziela<\/p>\n<\/td>\n<td width=\"48\">\n<p>7.00<\/p>\n<\/td>\n<td width=\"588\">\n<p>1. + Maria Filipek \u2013 z int siostry Joanny z m\u0119\u017cem<br \/>\n2. + Piotr K\u0119dzior \u2013 z int. Barbary K\u0119dzior \u2013 Olesiejuk<\/p>\n<\/td>\n<\/tr>\n<tr>\n<td width=\"48\">\n<p>9.00<\/p>\n<\/td>\n<td width=\"588\">\n<p>+ Andrzej Rak gr.22<\/p>\n<\/td>\n<\/tr>\n<tr>\n<td width=\"48\">\n<p>10.30<\/p>\n<\/td>\n<td width=\"588\">\n<p>++ Kazimiera (f), W\u0142adys\u0142aw i Bogumi\u0142a (f)<\/p>\n<\/td>\n<\/tr>\n<tr>\n<td width=\"48\">\n<p>12.00<\/p>\n<\/td>\n<td width=\"588\">\n<p>+ Stanis\u0142awa (f) Rze\u017anikiewicz \u2013 z int. pracownik\u00f3w Sanepidu<\/p>\n<\/td>\n<\/tr>\n<tr>\n<td width=\"48\">\n<p>14.00<\/p>\n<\/td>\n<td width=\"588\">\n<p>O Bo\u017ce b\u0142ogos\u0142awie\u0144stwo i opiek\u0119 Matki Bo\u017cej Zaleskiej w nowym roku dla mieszka\u0144c\u00f3w z ul. Sasanki, Daliowej, Konwalii, Azaliowej, Mieczykowej, Nasturcji, Stokrotek i Herberta<\/p>\n<\/td>\n<\/tr>\n<tr>\n<td width=\"48\">\n<p>17.00<\/p>\n<\/td>\n<td width=\"588\">\n<p>Za Parafian<\/p>\n<\/td>\n<\/tr>\n<\/tbody>\n<\/table>\n<p>&nbsp;<\/p>\n","protected":false},"excerpt":{"rendered":"<p>16.01.2023r. Poniedzia\u0142ek 7.00 1. + Andrzej Rak gr.16 2. + Janina Jasek w 4r. \u015bmierci 3. + Aleksandra (f) \u2013 z int. s\u0105siad\u00f3w z ul. Stokrotek 4. + Piotr K\u0119dzior \u2013 z int. Zarz\u0105du i pracownik\u00f3w sp\u00f3\u0142ki Ja\u015bmin 18.00 1. + Stanis\u0142aw Pilch \u2013 z int. syna Karola 2. + Maria Filipek \u2013 z int. <a class=\"read-more\" href=\"https:\/\/parafiazalesie.org\/index.php\/2023\/01\/12\/intencje-mszalne-16-22-01-2023r\/\"><\/p>\n<p>Zobacz wi\u0119cej<\/a><\/p>\n","protected":false},"author":1,"featured_media":111,"comment_status":"closed","ping_status":"closed","sticky":false,"template":"","format":"standard","meta":{"ngg_post_thumbnail":0,"footnotes":""},"categories":[5],"tags":[],"class_list":["post-1021","post","type-post","status-publish","format-standard","has-post-thumbnail","hentry","category-intencje"],"_links":{"self":[{"href":"https:\/\/parafiazalesie.org\/index.php\/wp-json\/wp\/v2\/posts\/1021","targetHints":{"allow":["GET"]}}],"collection":[{"href":"https:\/\/parafiazalesie.org\/index.php\/wp-json\/wp\/v2\/posts"}],"about":[{"href":"https:\/\/parafiazalesie.org\/index.php\/wp-json\/wp\/v2\/types\/post"}],"author":[{"embeddable":true,"href":"https:\/\/parafiazalesie.org\/index.php\/wp-json\/wp\/v2\/users\/1"}],"replies":[{"embeddable":true,"href":"https:\/\/parafiazalesie.org\/index.php\/wp-json\/wp\/v2\/comments?post=1021"}],"version-history":[{"count":0,"href":"https:\/\/parafiazalesie.org\/index.php\/wp-json\/wp\/v2\/posts\/1021\/revisions"}],"wp:featuredmedia":[{"embeddable":true,"href":"https:\/\/parafiazalesie.org\/index.php\/wp-json\/wp\/v2\/media\/111"}],"wp:attachment":[{"href":"https:\/\/parafiazalesie.org\/index.php\/wp-json\/wp\/v2\/media?parent=1021"}],"wp:term":[{"taxonomy":"category","embeddable":true,"href":"https:\/\/parafiazalesie.org\/index.php\/wp-json\/wp\/v2\/categories?post=1021"},{"taxonomy":"post_tag","embeddable":true,"href":"https:\/\/parafiazalesie.org\/index.php\/wp-json\/wp\/v2\/tags?post=1021"}],"curies":[{"name":"wp","href":"https:\/\/api.w.org\/{rel}","templated":true}]}}