{"id":1015,"date":"2023-01-06T20:54:43","date_gmt":"2023-01-06T19:54:43","guid":{"rendered":"https:\/\/parafiazalesie.org\/?p=1015"},"modified":"2023-01-02T20:56:23","modified_gmt":"2023-01-02T19:56:23","slug":"intencje-mszalne-09-15-01-2023r","status":"publish","type":"post","link":"https:\/\/parafiazalesie.org\/index.php\/2023\/01\/06\/intencje-mszalne-09-15-01-2023r\/","title":{"rendered":"INTENCJE MSZALNE 09 \u2013 15.01.2023r."},"content":{"rendered":"<table width=\"744\">\n<tbody>\n<tr>\n<td rowspan=\"2\" width=\"108\">\n<p>09.01.2023r.<\/p>\n<p>Poniedzia\u0142ek<\/p>\n<\/td>\n<td width=\"48\">\n<p>7.00<\/p>\n<\/td>\n<td width=\"588\">\n<p>1. + Maria Filipek \u2013 z int. rodziny Chru\u015bciel\u00f3w<br \/>\n2. + J\u00f3zef Surdel \u2013 z int. pracownik\u00f3w Delikatesy Centrum<br \/>\n3. + Stanis\u0142aw Pilch \u2013 z int. s\u0105siada Dziury z Rodzin\u0105<br \/>\n4. + Piotr K\u0119dzior \u2013 z int. Anny K\u0119dzior z Rodzin\u0105<\/p>\n<\/td>\n<\/tr>\n<tr>\n<td width=\"48\">\n<p>18.00<\/p>\n<\/td>\n<td width=\"588\">\n<p>1. + Andrzej Rak gr.9<br \/>\n2. + J\u00f3zef<\/p>\n<\/td>\n<\/tr>\n<tr>\n<td rowspan=\"2\" width=\"108\">\n<p>10.01.2023r.<\/p>\n<p>Wtorek<\/p>\n<\/td>\n<td width=\"48\">\n<p>7.00<\/p>\n<\/td>\n<td width=\"588\">\n<p>1. + Maria Filipek \u2013 z int. piel\u0119gniarek Danuty Rz\u0105sy i Ma\u0142gorzaty Szpond<br \/>\n2. + J\u00f3zef Surdel \u2013 z int. pracownik\u00f3w Delikatesy Centrum<br \/>\n3. + Stanis\u0142aw Pilch \u2013 z int. szwagierki W\u0142adys\u0142awy z Rodzin\u0105<br \/>\n4. + Krystyna Doma\u0144ska<\/p>\n<\/td>\n<\/tr>\n<tr>\n<td width=\"48\">\n<p>18.00<\/p>\n<\/td>\n<td width=\"588\">\n<p>1. + Andrzej Rak gr.10<br \/>\n2. + Stanis\u0142awa (f) Rze\u017anikiewicz \u2013 z int. pracownik\u00f3w Sanepidu<\/p>\n<\/td>\n<\/tr>\n<tr>\n<td rowspan=\"2\" width=\"108\">\n<p>11.01.2023r.<\/p>\n<p>\u015aroda<\/p>\n<\/td>\n<td width=\"48\">\n<p>7.00<\/p>\n<\/td>\n<td width=\"588\">\n<p>1. + Maria Filipek \u2013 z int. bratanka Bart\u0142omieja z \u017con\u0105 Magdalen\u0105<br \/>\n2. + J\u00f3zef Surdel \u2013 z int. pracownik\u00f3w Delikatesy Centrum<br \/>\n3. + Stanis\u0142aw Pilch \u2013 z int. Andrzeja Kabarowskiego<br \/>\n4. + Edward Weso\u0142owski \u2013 z int. rodziny Malickich<\/p>\n<\/td>\n<\/tr>\n<tr>\n<td width=\"48\">\n<p>18.00<\/p>\n<\/td>\n<td width=\"588\">\n<p>1. + Andrzej Rak gr.11<br \/>\n2. + Piotr K\u0119dzior \u2013 z int. kuzynki Jolanty i Huberta Brodnickich<\/p>\n<\/td>\n<\/tr>\n<tr>\n<td rowspan=\"2\" width=\"108\">\n<p>12.01.2023r.<\/p>\n<p>Czwartek<\/p>\n<\/td>\n<td width=\"48\">\n<p>7.00<\/p>\n<\/td>\n<td width=\"588\">\n<p>1. + Maria Filipek \u2013 z int. R\u00f3\u017cy \u015bw. Urszuli Led\u00f3chowskiej (Ewy Pawlik)<br \/>\n2. + J\u00f3zef Surdel \u2013 z int. pracownik\u00f3w Delikatesy Centrum<br \/>\n3. + Piotr K\u0119dzior \u2013 z int. chrze\u015bnicy z Rodzin\u0105<br \/>\n4. + Antoni Bober<\/p>\n<\/td>\n<\/tr>\n<tr>\n<td width=\"48\">\n<p>18.00<\/p>\n<\/td>\n<td width=\"588\">\n<p>1. + Andrzej Rak gr.12<br \/>\n2. + Stanis\u0142aw Pilch \u2013 z int. syna Darka z Rodzin\u0105<\/p>\n<\/td>\n<\/tr>\n<tr>\n<td rowspan=\"2\" width=\"108\">\n<p>13.01.2023r.<\/p>\n<p>Pi\u0105tek<\/p>\n<\/td>\n<td width=\"48\">\n<p>7.00<\/p>\n<\/td>\n<td width=\"588\">\n<p>1. + J\u00f3zef Surdel \u2013 z int. kole\u017canek Jadzi z PKO I Oddzia\u0142 Rzesz\u00f3w<br \/>\n2. + Piotr K\u0119dzior \u2013 z int. s\u0105siad\u00f3w Rydz\u00f3w<br \/>\n3. + Stanis\u0142aw Pilch \u2013 z int. Zbysia Gwizda\u0142y z Rodzin\u0105<br \/>\n4. + Edward Weso\u0142owski \u2013 z int. Gra\u017cyny i Stanis\u0142awa Ko\u0144<\/p>\n<\/td>\n<\/tr>\n<tr>\n<td width=\"48\">\n<p>18.00<\/p>\n<\/td>\n<td width=\"588\">\n<p>1. Wynagradzaj\u0105ca Naj\u015bwi\u0119tszemu Sercu Pana Jezusa i o intronizacj\u0119 Naj\u015bwi\u0119tszego Serca Pana Jezusa w sercach wszystkich ludzi \u2013 z int. Wsp\u00f3lnoty Intronizacyjnej<br \/>\n2. + Andrzej Rak gr.13<\/p>\n<\/td>\n<\/tr>\n<tr>\n<td rowspan=\"2\" width=\"108\">\n<p>14.01.2023r.<\/p>\n<p>Sobota<\/p>\n<\/td>\n<td width=\"48\">\n<p>7.00<\/p>\n<\/td>\n<td width=\"588\">\n<p>1. O Bo\u017ce b\u0142ogos\u0142awie\u0144stwo, opiek\u0119 Matki Bo\u017cej i zdrowie dla Weroniki Kopta z okazji urodzin i imienin<br \/>\n2. + Edward Weso\u0142owski \u2013 z int. Bo\u017ceny i Andrzeja Cyrnek<br \/>\n3. + Stanis\u0142aw Pilch \u2013 z int. \u017cony Ireny<br \/>\n4. + Piotr K\u0119dzior \u2013 z int. rodziny Krzywonos<\/p>\n<\/td>\n<\/tr>\n<tr>\n<td width=\"48\">\n<p>18.00<\/p>\n<\/td>\n<td width=\"588\">\n<p>1. + Andrzej Rak gr.14<br \/>\n2. + Maria Filipek \u2013 z int. R\u00f3\u017cy \u015bw. Urszuli Led\u00f3chowskiej (Ewy Pawlik)<\/p>\n<\/td>\n<\/tr>\n<tr>\n<td rowspan=\"6\" width=\"108\">\n<p>15.01.2023r.<\/p>\n<p>Niedziela<\/p>\n<\/td>\n<td width=\"48\">\n<p>7.00<\/p>\n<\/td>\n<td width=\"588\">\n<p>1. ++ Zofia, Wiktoria i Wiktoria Sado<br \/>\n2. + Piotr K\u0119dzior \u2013 z int. rodziny Wo\u015b<\/p>\n<\/td>\n<\/tr>\n<tr>\n<td width=\"48\">\n<p>9.00<\/p>\n<\/td>\n<td width=\"588\">\n<p>++ Klementyna, Stanis\u0142aw, Tadeusz w r. \u015bmierci<\/p>\n<\/td>\n<\/tr>\n<tr>\n<td width=\"48\">\n<p>10.30<\/p>\n<\/td>\n<td width=\"588\">\n<p>+ Andrzej Rak gr.15<\/p>\n<\/td>\n<\/tr>\n<tr>\n<td width=\"48\">\n<p>12.00<\/p>\n<\/td>\n<td width=\"588\">\n<p>Za Parafian<\/p>\n<\/td>\n<\/tr>\n<tr>\n<td width=\"48\">\n<p>14.00<\/p>\n<\/td>\n<td width=\"588\">\n<p>O Bo\u017ce b\u0142ogos\u0142awie\u0144stwo i opiek\u0119 Matki Bo\u017cej Zaleskiej w nowym roku dla mieszka\u0144c\u00f3w z ul. \u0106wikli\u0144skiej, Smosarskiej, Siemaszkowej, Kiepury i Zelwerowicza<\/p>\n<\/td>\n<\/tr>\n<tr>\n<td width=\"48\">\n<p>17.00<\/p>\n<\/td>\n<td width=\"588\">\n<p>+ Stanis\u0142awa (f) Rze\u017anikiewicz \u2013 z int. pracownik\u00f3w Sanepidu<\/p>\n<\/td>\n<\/tr>\n<\/tbody>\n<\/table>\n","protected":false},"excerpt":{"rendered":"<p>09.01.2023r. Poniedzia\u0142ek 7.00 1. + Maria Filipek \u2013 z int. rodziny Chru\u015bciel\u00f3w 2. + J\u00f3zef Surdel \u2013 z int. pracownik\u00f3w Delikatesy Centrum 3. + Stanis\u0142aw Pilch \u2013 z int. s\u0105siada Dziury z Rodzin\u0105 4. + Piotr K\u0119dzior \u2013 z int. Anny K\u0119dzior z Rodzin\u0105 18.00 1. + Andrzej Rak gr.9 2. + J\u00f3zef 10.01.2023r. Wtorek <a class=\"read-more\" href=\"https:\/\/parafiazalesie.org\/index.php\/2023\/01\/06\/intencje-mszalne-09-15-01-2023r\/\"><\/p>\n<p>Zobacz wi\u0119cej<\/a><\/p>\n","protected":false},"author":1,"featured_media":111,"comment_status":"closed","ping_status":"closed","sticky":false,"template":"","format":"standard","meta":{"ngg_post_thumbnail":0,"footnotes":""},"categories":[5],"tags":[],"class_list":["post-1015","post","type-post","status-publish","format-standard","has-post-thumbnail","hentry","category-intencje"],"_links":{"self":[{"href":"https:\/\/parafiazalesie.org\/index.php\/wp-json\/wp\/v2\/posts\/1015","targetHints":{"allow":["GET"]}}],"collection":[{"href":"https:\/\/parafiazalesie.org\/index.php\/wp-json\/wp\/v2\/posts"}],"about":[{"href":"https:\/\/parafiazalesie.org\/index.php\/wp-json\/wp\/v2\/types\/post"}],"author":[{"embeddable":true,"href":"https:\/\/parafiazalesie.org\/index.php\/wp-json\/wp\/v2\/users\/1"}],"replies":[{"embeddable":true,"href":"https:\/\/parafiazalesie.org\/index.php\/wp-json\/wp\/v2\/comments?post=1015"}],"version-history":[{"count":0,"href":"https:\/\/parafiazalesie.org\/index.php\/wp-json\/wp\/v2\/posts\/1015\/revisions"}],"wp:featuredmedia":[{"embeddable":true,"href":"https:\/\/parafiazalesie.org\/index.php\/wp-json\/wp\/v2\/media\/111"}],"wp:attachment":[{"href":"https:\/\/parafiazalesie.org\/index.php\/wp-json\/wp\/v2\/media?parent=1015"}],"wp:term":[{"taxonomy":"category","embeddable":true,"href":"https:\/\/parafiazalesie.org\/index.php\/wp-json\/wp\/v2\/categories?post=1015"},{"taxonomy":"post_tag","embeddable":true,"href":"https:\/\/parafiazalesie.org\/index.php\/wp-json\/wp\/v2\/tags?post=1015"}],"curies":[{"name":"wp","href":"https:\/\/api.w.org\/{rel}","templated":true}]}}